{"id":30809,"date":"2025-02-24T04:05:46","date_gmt":"2025-02-24T03:05:46","guid":{"rendered":"https:\/\/www.diocesidiroma.it\/NewScolastica\/?p=30809"},"modified":"2025-02-24T04:05:46","modified_gmt":"2025-02-24T03:05:46","slug":"scuole-cattoliche-la-parita-ancora-sulla-carta","status":"publish","type":"post","link":"https:\/\/www.diocesidiroma.it\/NewScolastica\/index.php\/scuole-cattoliche-la-parita-ancora-sulla-carta\/","title":{"rendered":"Scuole cattoliche, la parit\u00e0 ancora sulla carta"},"content":{"rendered":"<p><strong>Le scuole paritarie cattoliche<\/strong> e di ispirazione cristiana, in virt\u00f9 della legge n. 62 del 10 marzo 2000 che ha introdotto la parit\u00e0 scolastica, svolgono un servizio pubblico e fanno parte a tutti gli effetti del sistema nazionale di istruzione. Ma a 25 anni dall\u2019entrata in vigore della norma, questa parit\u00e0 sotto l\u2019aspetto economico \u00e8 ancora una utopia. Il tema dei finanziamenti statali \u00e8 stato molto dibattuto lo scorso 13 febbraio, durante l\u2019assemblea plenaria delle scuole cattoliche della diocesi di Roma svoltasi nella Sala della Conciliazione del Palazzo Lateranense.<\/p>\n<p><strong>Promossa dall\u2019Ufficio diocesano<\/strong> per la pastorale scolastica e l\u2019insegnamento della religione cattolica, la riunione ha visto la partecipazione di presidi e docenti di circa 85 istituti sui 158 presenti nella diocesi. A tutti il \u00abgrazie\u00bb della Chiesa di Roma da parte del cardinale vicario Baldo Reina, il quale ha sottolineato che la diocesi guarda \u00aballe scuole cattoliche con grande interesse per il contributo che possono dare alle sfide educative in questo tempo molto difficile. La crisi valoriale nella quale ci muoviamo spesso ci lascia smarriti. Sapere che ci sono scuole cattoliche nel territorio \u00e8 motivo di grande speranza\u00bb.<\/p>\n<p><strong>Da qui l\u2019appello del porporato<\/strong> a \u00abnon rinunciare mai ai valori\u00bb sui quali si fonda la storia dei singoli istituti. L\u2019edificazione della speranza, per il porporato, risiede nell\u2019educare gli adolescenti, trasmettendo loro quei valori fondamentali che \u00abne corroborino lo spirito, il cuore e la coscienza\u00bb. Ha incoraggiato il corpo docente a proseguire nel proprio lavoro dove \u00abc\u2019\u00e8 tanto sacrificio e impegno. Sentitevi abbracciati e sostenuti dalla Chiesa di Roma \u2013 ha concluso il vicario \u2013. Viviamo uno scambio fecondo per il bene di questa Chiesa e delle scuole paritarie\u00bb.<\/p>\n<p><strong>Michele Di Tolve<\/strong>, <strong>vescovo<\/strong> delegato per la Pastorale scolastica, l\u2019insegnamento della religione cattolica e per la scuola cattolica, ha constatato \u00abcon amarezza\u00bb che a 25 anni dall\u2019entrata in vigore della legge sulla parit\u00e0 scolastica \u00ablo Stato non fa quello che dichiara e non eroga alle scuole paritarie ci\u00f2 che serve per il loro funzionamento\u00bb.<\/p>\n<p><strong>Basti pensare che nel 2024<\/strong> \u00aba Roma hanno chiuso 15 scuole cattoliche\u00bb, ha affermato non nascondendo la sua preoccupazione. \u00abNon siamo scuole private \u2013 ha ribadito \u2013, tantomeno diplomifici. Vogliamo fare scuola di qualit\u00e0 e non dobbiamo avere paura di prenderci responsabilit\u00e0 davanti a una ingiustizia che dura da troppi anni. Non \u00e8 giusto che le famiglie che decidono di inviare i loro figli alla scuola pubblica paritaria non ricevano lo stesso trattamento degli altri cittadini che iscrivono i figli alla scuola pubblica statale. L\u2019ingiustizia viene perpetrata nei confronti delle famiglie italiane. Non possiamo continuare a fare debiti o a ipotecare case delle suore per mantenere istituzioni che esistono da molto prima della scuola statale e che hanno edificato la civilt\u00e0 italiana. Le scuole pubbliche paritarie cattoliche e di ispirazione cristiana mantengono alta la qualit\u00e0 dell\u2019istruzione e dell\u2019educazione, considerando sempre la persona dell\u2019alunno al centro di ogni azione educativa\u00bb.<\/p>\n<p><strong>Il vescovo ha inoltre<\/strong> spiegato che \u00abtante famiglie con figli disabili vorrebbero iscrivere i figli alle scuole paritarie, ma anche qui viene perpetrata un\u2019ingiustizia: mentre lo Stato italiano per un alunno disabile eroga circa 20mila euro, che serve per avere l\u2019insegnante di sostegno, un alunno con disabilit\u00e0 iscritto alla scuola pubblica paritaria riceve solo 6mila euro\u00bb.<\/p>\n<p><strong>Il presule ha ricordato <\/strong>alcuni appuntamenti importanti dell\u2019Anno Santo a partire dal Giubileo del mondo educativo, dedicato proprio all\u2019universo scolastico, in programma dal 31 ottobre al 2 novembre. Ma sar\u00e0 \u00abbello vivere insieme\u00bb, come scuola, anche il Giubileo degli adolescenti dal 25 al 27 aprile durante il quale sar\u00e0 canonizzato Carlo Acutis e per il quale \u00absi stanno organizzando anche gruppi di pellegrini dall\u2019America Latina e dall\u2019Africa\u00bb, ha detto. In qualit\u00e0 di vescovo delegato della Pastorale giovanile ha lanciato un appello per l\u2019ospitalit\u00e0 dei giovani in occasione del Giubileo dei giovani che si terr\u00e0 dal 28 luglio al 3 agosto. \u00ab\u00c8 previsto l\u2019arrivo di due milioni di giovani \u2013 ha affermato \u2013. Mettendo a disposizione i locali delle scuole possiamo dare un segnale forte di accoglienza\u00bb.<\/p>\n<p><strong>Il dialogo tra l\u2019Ufficio<\/strong> per la pastorale scolastica e le scuole cattoliche \u00abriprende con rinnovato entusiasmo \u2013 ha detto il direttore Rosario Chiarazzo \u2013. Siamo ben consapevoli del generoso impegno profuso per le nuove generazioni, malgrado le numerose difficolt\u00e0 in cui presidi e docenti si imbattono quotidianamente, ma tutte affrontate al servizio di uno sviluppo evangelico autentico a favore di ogni bambino, alunno e studente. La diocesi \u00e8 particolarmente grata per questo affascinante impegno educativo, che si associa ad una testimonianza di vita di fede, cos\u00ec apprezzato da genitori e intere famiglie\u00bb.<\/p>\n<p>18 febbraio 2025<\/p>\n<p><a href=\"https:\/\/www.romasette.it\/scuole-cattoliche-la-parita-ancora-sulla-carta\/\">RomaSette del 18 febbraio 2025 (ved l&#8217;articolo)<\/a><\/p>\n<p>&nbsp;<\/p>\n","protected":false},"excerpt":{"rendered":"Riprendiamo la sintesi dell&#8217;assemblea delle scuole cattoliche del 13 febbraio 2025 apparso su RomaSette","protected":false},"author":308,"featured_media":30810,"comment_status":"closed","ping_status":"closed","sticky":false,"template":"","format":"standard","meta":{"episode_type":"audio","audio_file":"","cover_image":"","cover_image_id":"","duration":"","filesize":"","date_recorded":"","explicit":"","block":"","filesize_raw":"","footnotes":""},"categories":[86,120,87],"tags":[],"series":[],"class_list":["post-30809","post","type-post","status-publish","format-standard","has-post-thumbnail","hentry","category-evidenza","category-in_evidenza","category-scuolacattolica"],"acf":[],"episode_featured_image":"https:\/\/www.diocesidiroma.it\/NewScolastica\/wp-content\/uploads\/2025\/02\/assemblea-scuole-cattoliche.jpg","episode_player_image":"https:\/\/www.diocesidiroma.it\/NewScolastica\/wp-content\/uploads\/2024\/12\/ufficio-per-la-pastorale-scolastica-e-irc-cover-scaled.jpg","download_link":"","player_link":"","audio_player":false,"episode_data":{"playerMode":"dark","subscribeUrls":{"apple_podcasts":{"key":"apple_podcasts","url":"","label":"Apple Podcasts","class":"apple_podcasts","icon":"apple-podcasts.png"},"stitcher":{"key":"stitcher","url":"","label":"Stitcher","class":"stitcher","icon":"stitcher.png"},"google_podcasts":{"key":"google_podcasts","url":"","label":"Google Podcasts","class":"google_podcasts","icon":"google-podcasts.png"},"spotify":{"key":"spotify","url":"","label":"Spotify","class":"spotify","icon":"spotify.png"}},"rssFeedUrl":"https:\/\/www.diocesidiroma.it\/NewScolastica\/feed\/podcast\/ufficio-per-la-pastorale-scolastica-e-irc","embedCode":"<blockquote class=\"wp-embedded-content\" data-secret=\"e7I652efpv\"><a href=\"https:\/\/www.diocesidiroma.it\/NewScolastica\/index.php\/scuole-cattoliche-la-parita-ancora-sulla-carta\/\">Scuole cattoliche, la parit\u00e0 ancora sulla carta<\/a><\/blockquote><iframe sandbox=\"allow-scripts\" security=\"restricted\" src=\"https:\/\/www.diocesidiroma.it\/NewScolastica\/index.php\/scuole-cattoliche-la-parita-ancora-sulla-carta\/embed\/#?secret=e7I652efpv\" width=\"500\" height=\"350\" title=\"&#8220;Scuole cattoliche, la parit\u00e0 ancora sulla carta&#8221; &#8212; Ufficio per la Pastorale Scolastica e IRC\" data-secret=\"e7I652efpv\" frameborder=\"0\" marginwidth=\"0\" marginheight=\"0\" scrolling=\"no\" class=\"wp-embedded-content\"><\/iframe><script type=\"text\/javascript\">\n\/* <![CDATA[ *\/\n\/**\n * WordPress inline HTML embed\n *\n * @since 4.4.0\n * @output wp-includes\/js\/wp-embed.js\n *\n * Single line comments should not be used since they will break\n * the script when inlined in get_post_embed_html(), specifically\n * when the comments are not stripped out due to SCRIPT_DEBUG\n * being turned on.\n *\/\n(function ( window, document ) {\n\t'use strict';\\n\\n\t\/* Abort for ancient browsers. *\/\n\tif ( ! document.querySelector || ! window.addEventListener || typeof URL === 'undefined' ) {\n\t\treturn;\n\t}\\n\\n\t\/** @namespace wp *\/\n\twindow.wp = window.wp || {};\\n\\n\t\/* Abort if script was already executed. *\/\n\tif ( !! window.wp.receiveEmbedMessage ) {\n\t\treturn;\n\t}\\n\\n\t\/**\n\t * Receive embed message.\n\t *\n\t * @param {MessageEvent} e\n\t *\/\n\twindow.wp.receiveEmbedMessage = function( e ) {\n\t\tvar data = e.data;\\n\\n\t\t\/* Verify shape of message. *\/\n\t\tif (\n\t\t\t! ( data || data.secret || data.message || data.value ) ||\n\t\t\t\/[^a-zA-Z0-9]\/.test( data.secret )\n\t\t) {\n\t\t\treturn;\n\t\t}\\n\\n\t\tvar iframes = document.querySelectorAll( 'iframe[data-secret=\"' + data.secret + '\"]' ),\n\t\t\tblockquotes = document.querySelectorAll( 'blockquote[data-secret=\"' + data.secret + '\"]' ),\n\t\t\tallowedProtocols = new RegExp( '^https?:$', 'i' ),\n\t\t\ti, source, height, sourceURL, targetURL;\\n\\n\t\tfor ( i = 0; i < blockquotes.length; i++ ) {\n\t\t\tblockquotes[ i ].style.display = 'none';\n\t\t}\\n\\n\t\tfor ( i = 0; i < iframes.length; i++ ) {\n\t\t\tsource = iframes[ i ];\\n\\n\t\t\tif ( e.source !== source.contentWindow ) {\n\t\t\t\tcontinue;\n\t\t\t}\\n\\n\t\t\tsource.removeAttribute( 'style' );\\n\\n\t\t\tif ( 'height' === data.message ) {\n\t\t\t\t\/* Resize the iframe on request. *\/\n\t\t\t\theight = parseInt( data.value, 10 );\n\t\t\t\tif ( height > 1000 ) {\n\t\t\t\t\theight = 1000;\n\t\t\t\t} else if ( ~~height < 200 ) {\n\t\t\t\t\theight = 200;\n\t\t\t\t}\\n\\n\t\t\t\tsource.height = height;\n\t\t\t} else if ( 'link' === data.message ) {\n\t\t\t\t\/* Link to a specific URL on request. *\/\n\t\t\t\tsourceURL = new URL( source.getAttribute( 'src' ) );\n\t\t\t\ttargetURL = new URL( data.value );\\n\\n\t\t\t\tif (\n\t\t\t\t\tallowedProtocols.test( targetURL.protocol ) &&\n\t\t\t\t\ttargetURL.host === sourceURL.host &&\n\t\t\t\t\tdocument.activeElement === source\n\t\t\t\t) {\n\t\t\t\t\twindow.top.location.href = data.value;\n\t\t\t\t}\n\t\t\t}\n\t\t}\n\t};\\n\\n\tfunction onLoad() {\n\t\tvar iframes = document.querySelectorAll( 'iframe.wp-embedded-content' ),\n\t\t\ti, source, secret;\\n\\n\t\tfor ( i = 0; i < iframes.length; i++ ) {\n\t\t\t\/** @var {IframeElement} *\/\n\t\t\tsource = iframes[ i ];\\n\\n\t\t\tsecret = source.getAttribute( 'data-secret' );\n\t\t\tif ( ! secret ) {\n\t\t\t\t\/* Add secret to iframe *\/\n\t\t\t\tsecret = Math.random().toString( 36 ).substring( 2, 12 );\n\t\t\t\tsource.src += '#?secret=' + secret;\n\t\t\t\tsource.setAttribute( 'data-secret', secret );\n\t\t\t}\\n\\n\t\t\t\/*\n\t\t\t * Let post embed window know that the parent is ready for receiving the height message, in case the iframe\n\t\t\t * loaded before wp-embed.js was loaded. When the ready message is received by the post embed window, the\n\t\t\t * window will then (re-)send the height message right away.\n\t\t\t *\/\n\t\t\tsource.contentWindow.postMessage( {\n\t\t\t\tmessage: 'ready',\n\t\t\t\tsecret: secret\n\t\t\t}, '*' );\n\t\t}\n\t}\\n\\n\twindow.addEventListener( 'message', window.wp.receiveEmbedMessage, false );\n\tdocument.addEventListener( 'DOMContentLoaded', onLoad, false );\n})( window, document );\\n\\n\/* ]]> *\/\n<\/script>\n"},"_links":{"self":[{"href":"https:\/\/www.diocesidiroma.it\/NewScolastica\/index.php\/wp-json\/wp\/v2\/posts\/30809","targetHints":{"allow":["GET"]}}],"collection":[{"href":"https:\/\/www.diocesidiroma.it\/NewScolastica\/index.php\/wp-json\/wp\/v2\/posts"}],"about":[{"href":"https:\/\/www.diocesidiroma.it\/NewScolastica\/index.php\/wp-json\/wp\/v2\/types\/post"}],"author":[{"embeddable":true,"href":"https:\/\/www.diocesidiroma.it\/NewScolastica\/index.php\/wp-json\/wp\/v2\/users\/308"}],"replies":[{"embeddable":true,"href":"https:\/\/www.diocesidiroma.it\/NewScolastica\/index.php\/wp-json\/wp\/v2\/comments?post=30809"}],"version-history":[{"count":1,"href":"https:\/\/www.diocesidiroma.it\/NewScolastica\/index.php\/wp-json\/wp\/v2\/posts\/30809\/revisions"}],"predecessor-version":[{"id":30811,"href":"https:\/\/www.diocesidiroma.it\/NewScolastica\/index.php\/wp-json\/wp\/v2\/posts\/30809\/revisions\/30811"}],"wp:featuredmedia":[{"embeddable":true,"href":"https:\/\/www.diocesidiroma.it\/NewScolastica\/index.php\/wp-json\/wp\/v2\/media\/30810"}],"wp:attachment":[{"href":"https:\/\/www.diocesidiroma.it\/NewScolastica\/index.php\/wp-json\/wp\/v2\/media?parent=30809"}],"wp:term":[{"taxonomy":"category","embeddable":true,"href":"https:\/\/www.diocesidiroma.it\/NewScolastica\/index.php\/wp-json\/wp\/v2\/categories?post=30809"},{"taxonomy":"post_tag","embeddable":true,"href":"https:\/\/www.diocesidiroma.it\/NewScolastica\/index.php\/wp-json\/wp\/v2\/tags?post=30809"},{"taxonomy":"series","embeddable":true,"href":"https:\/\/www.diocesidiroma.it\/NewScolastica\/index.php\/wp-json\/wp\/v2\/series?post=30809"}],"curies":[{"name":"wp","href":"https:\/\/api.w.org\/{rel}","templated":true}]}}