{"id":30893,"date":"2025-03-10T13:00:10","date_gmt":"2025-03-10T12:00:10","guid":{"rendered":"https:\/\/www.diocesidiroma.it\/NewScolastica\/?p=30893"},"modified":"2025-03-10T13:00:10","modified_gmt":"2025-03-10T12:00:10","slug":"festa-della-mamma-iniziativa-del-movimento-per-la-vita","status":"publish","type":"post","link":"https:\/\/www.diocesidiroma.it\/NewScolastica\/index.php\/festa-della-mamma-iniziativa-del-movimento-per-la-vita\/","title":{"rendered":"Festa della Mamma: iniziativa del Movimento per la Vita"},"content":{"rendered":"<p>Il Movimento per la vita romano, in collaborazione con il Forum delle Associazioni Familiari del Lazio e l\u2019Ufficio per la Pastorale Familiare della Diocesi di Roma, promuove un evento diocesano per domenica 11 maggio p.v., Festa della mamma.<\/p>\n<p>Si svolger\u00e0 nella Parrocchia di San Giuseppe al Trionfale, via Bernardino Telesio 4b, con il seguente programma:<\/p>\n<p>-ore 16.30 Momento di festa animato da un coro di bambini provenienti da diverse scuole cattoliche e parrocchie di Roma<\/p>\n<p>-ore 18.30 S. Messa presieduta da Sua Em.za il Cardinal Vicario Baldassare Reina, nel corso della quale verr\u00e0 impartita una benedizione speciale alle mamme, particolarmente quelle in attesa di un figlio.<\/p>\n<p>In questi giorni si sta costituendo il coro con i bambini delle scuole che gi\u00e0 hanno realizzato negli anni scorsi iniziative col Movimento, ma, naturalmente, il coro pi\u00f9 \u00e8 rappresentativo di diverse scuole e meglio \u00e8!<\/p>\n<p>Ogni scuola pu\u00f2 segnalare un massimo di 8 bambini.<\/p>\n<p>&nbsp;<\/p>\n<p>Si allega il volantino della manifestazione.<\/p>\n<!-- WP Attachments -->\r\n        <div style=\"width:100%;margin:10px 0 10px 0;\">\r\n            <h3>Allegati<\/h3>\r\n        <ul class=\"post-attachments\"><li class=\"post-attachment mime-application-pdf\"><a href=\"https:\/\/www.diocesidiroma.it\/NewScolastica\/wp-content\/uploads\/2025\/03\/Evento-11-maggio-2025-Festa-della-Mamma.pdf\">Evento 11 maggio 2025 - Festa della Mamma<\/a> <small>(841 kB)<\/small><\/li><\/ul><\/div>","protected":false},"excerpt":{"rendered":"Il Movimento per la vita romano, in collaborazione con il Forum delle Associazioni Familiari del Lazio e l\u2019Ufficio per la Pastorale Familiare della Diocesi di Roma, promuove un evento diocesano per domenica 11 maggio p.v., Festa della mamma.","protected":false},"author":308,"featured_media":30895,"comment_status":"closed","ping_status":"closed","sticky":false,"template":"","format":"standard","meta":{"episode_type":"audio","audio_file":"","cover_image":"","cover_image_id":"","duration":"","filesize":"","date_recorded":"","explicit":"","block":"","filesize_raw":"","footnotes":""},"categories":[86,120,4,87],"tags":[],"series":[],"class_list":["post-30893","post","type-post","status-publish","format-standard","has-post-thumbnail","hentry","category-evidenza","category-in_evidenza","category-notizie","category-scuolacattolica"],"acf":[],"episode_featured_image":"https:\/\/www.diocesidiroma.it\/NewScolastica\/wp-content\/uploads\/2025\/03\/movimento-vita.jpg","episode_player_image":"https:\/\/www.diocesidiroma.it\/NewScolastica\/wp-content\/uploads\/2024\/12\/ufficio-per-la-pastorale-scolastica-e-irc-cover-scaled.jpg","download_link":"","player_link":"","audio_player":false,"episode_data":{"playerMode":"dark","subscribeUrls":{"apple_podcasts":{"key":"apple_podcasts","url":"","label":"Apple Podcasts","class":"apple_podcasts","icon":"apple-podcasts.png"},"stitcher":{"key":"stitcher","url":"","label":"Stitcher","class":"stitcher","icon":"stitcher.png"},"google_podcasts":{"key":"google_podcasts","url":"","label":"Google Podcasts","class":"google_podcasts","icon":"google-podcasts.png"},"spotify":{"key":"spotify","url":"","label":"Spotify","class":"spotify","icon":"spotify.png"}},"rssFeedUrl":"https:\/\/www.diocesidiroma.it\/NewScolastica\/feed\/podcast\/ufficio-per-la-pastorale-scolastica-e-irc","embedCode":"<blockquote class=\"wp-embedded-content\" data-secret=\"s9XF4aKWq5\"><a href=\"https:\/\/www.diocesidiroma.it\/NewScolastica\/index.php\/festa-della-mamma-iniziativa-del-movimento-per-la-vita\/\">Festa della Mamma: iniziativa del Movimento per la Vita<\/a><\/blockquote><iframe sandbox=\"allow-scripts\" security=\"restricted\" src=\"https:\/\/www.diocesidiroma.it\/NewScolastica\/index.php\/festa-della-mamma-iniziativa-del-movimento-per-la-vita\/embed\/#?secret=s9XF4aKWq5\" width=\"500\" height=\"350\" title=\"&#8220;Festa della Mamma: iniziativa del Movimento per la Vita&#8221; &#8212; Ufficio per la Pastorale Scolastica e IRC\" data-secret=\"s9XF4aKWq5\" frameborder=\"0\" marginwidth=\"0\" marginheight=\"0\" scrolling=\"no\" class=\"wp-embedded-content\"><\/iframe><script type=\"text\/javascript\">\n\/* <![CDATA[ *\/\n\/**\n * WordPress inline HTML embed\n *\n * @since 4.4.0\n * @output wp-includes\/js\/wp-embed.js\n *\n * Single line comments should not be used since they will break\n * the script when inlined in get_post_embed_html(), specifically\n * when the comments are not stripped out due to SCRIPT_DEBUG\n * being turned on.\n *\/\n(function ( window, document ) {\n\t'use strict';\\n\\n\t\/* Abort for ancient browsers. *\/\n\tif ( ! document.querySelector || ! window.addEventListener || typeof URL === 'undefined' ) {\n\t\treturn;\n\t}\\n\\n\t\/** @namespace wp *\/\n\twindow.wp = window.wp || {};\\n\\n\t\/* Abort if script was already executed. *\/\n\tif ( !! window.wp.receiveEmbedMessage ) {\n\t\treturn;\n\t}\\n\\n\t\/**\n\t * Receive embed message.\n\t *\n\t * @param {MessageEvent} e\n\t *\/\n\twindow.wp.receiveEmbedMessage = function( e ) {\n\t\tvar data = e.data;\\n\\n\t\t\/* Verify shape of message. *\/\n\t\tif (\n\t\t\t! ( data || data.secret || data.message || data.value ) ||\n\t\t\t\/[^a-zA-Z0-9]\/.test( data.secret )\n\t\t) {\n\t\t\treturn;\n\t\t}\\n\\n\t\tvar iframes = document.querySelectorAll( 'iframe[data-secret=\"' + data.secret + '\"]' ),\n\t\t\tblockquotes = document.querySelectorAll( 'blockquote[data-secret=\"' + data.secret + '\"]' ),\n\t\t\tallowedProtocols = new RegExp( '^https?:$', 'i' ),\n\t\t\ti, source, height, sourceURL, targetURL;\\n\\n\t\tfor ( i = 0; i < blockquotes.length; i++ ) {\n\t\t\tblockquotes[ i ].style.display = 'none';\n\t\t}\\n\\n\t\tfor ( i = 0; i < iframes.length; i++ ) {\n\t\t\tsource = iframes[ i ];\\n\\n\t\t\tif ( e.source !== source.contentWindow ) {\n\t\t\t\tcontinue;\n\t\t\t}\\n\\n\t\t\tsource.removeAttribute( 'style' );\\n\\n\t\t\tif ( 'height' === data.message ) {\n\t\t\t\t\/* Resize the iframe on request. *\/\n\t\t\t\theight = parseInt( data.value, 10 );\n\t\t\t\tif ( height > 1000 ) {\n\t\t\t\t\theight = 1000;\n\t\t\t\t} else if ( ~~height < 200 ) {\n\t\t\t\t\theight = 200;\n\t\t\t\t}\\n\\n\t\t\t\tsource.height = height;\n\t\t\t} else if ( 'link' === data.message ) {\n\t\t\t\t\/* Link to a specific URL on request. *\/\n\t\t\t\tsourceURL = new URL( source.getAttribute( 'src' ) );\n\t\t\t\ttargetURL = new URL( data.value );\\n\\n\t\t\t\tif (\n\t\t\t\t\tallowedProtocols.test( targetURL.protocol ) &&\n\t\t\t\t\ttargetURL.host === sourceURL.host &&\n\t\t\t\t\tdocument.activeElement === source\n\t\t\t\t) {\n\t\t\t\t\twindow.top.location.href = data.value;\n\t\t\t\t}\n\t\t\t}\n\t\t}\n\t};\\n\\n\tfunction onLoad() {\n\t\tvar iframes = document.querySelectorAll( 'iframe.wp-embedded-content' ),\n\t\t\ti, source, secret;\\n\\n\t\tfor ( i = 0; i < iframes.length; i++ ) {\n\t\t\t\/** @var {IframeElement} *\/\n\t\t\tsource = iframes[ i ];\\n\\n\t\t\tsecret = source.getAttribute( 'data-secret' );\n\t\t\tif ( ! secret ) {\n\t\t\t\t\/* Add secret to iframe *\/\n\t\t\t\tsecret = Math.random().toString( 36 ).substring( 2, 12 );\n\t\t\t\tsource.src += '#?secret=' + secret;\n\t\t\t\tsource.setAttribute( 'data-secret', secret );\n\t\t\t}\\n\\n\t\t\t\/*\n\t\t\t * Let post embed window know that the parent is ready for receiving the height message, in case the iframe\n\t\t\t * loaded before wp-embed.js was loaded. When the ready message is received by the post embed window, the\n\t\t\t * window will then (re-)send the height message right away.\n\t\t\t *\/\n\t\t\tsource.contentWindow.postMessage( {\n\t\t\t\tmessage: 'ready',\n\t\t\t\tsecret: secret\n\t\t\t}, '*' );\n\t\t}\n\t}\\n\\n\twindow.addEventListener( 'message', window.wp.receiveEmbedMessage, false );\n\tdocument.addEventListener( 'DOMContentLoaded', onLoad, false );\n})( window, document );\\n\\n\/* ]]> *\/\n<\/script>\n"},"_links":{"self":[{"href":"https:\/\/www.diocesidiroma.it\/NewScolastica\/index.php\/wp-json\/wp\/v2\/posts\/30893","targetHints":{"allow":["GET"]}}],"collection":[{"href":"https:\/\/www.diocesidiroma.it\/NewScolastica\/index.php\/wp-json\/wp\/v2\/posts"}],"about":[{"href":"https:\/\/www.diocesidiroma.it\/NewScolastica\/index.php\/wp-json\/wp\/v2\/types\/post"}],"author":[{"embeddable":true,"href":"https:\/\/www.diocesidiroma.it\/NewScolastica\/index.php\/wp-json\/wp\/v2\/users\/308"}],"replies":[{"embeddable":true,"href":"https:\/\/www.diocesidiroma.it\/NewScolastica\/index.php\/wp-json\/wp\/v2\/comments?post=30893"}],"version-history":[{"count":1,"href":"https:\/\/www.diocesidiroma.it\/NewScolastica\/index.php\/wp-json\/wp\/v2\/posts\/30893\/revisions"}],"predecessor-version":[{"id":30896,"href":"https:\/\/www.diocesidiroma.it\/NewScolastica\/index.php\/wp-json\/wp\/v2\/posts\/30893\/revisions\/30896"}],"wp:featuredmedia":[{"embeddable":true,"href":"https:\/\/www.diocesidiroma.it\/NewScolastica\/index.php\/wp-json\/wp\/v2\/media\/30895"}],"wp:attachment":[{"href":"https:\/\/www.diocesidiroma.it\/NewScolastica\/index.php\/wp-json\/wp\/v2\/media?parent=30893"}],"wp:term":[{"taxonomy":"category","embeddable":true,"href":"https:\/\/www.diocesidiroma.it\/NewScolastica\/index.php\/wp-json\/wp\/v2\/categories?post=30893"},{"taxonomy":"post_tag","embeddable":true,"href":"https:\/\/www.diocesidiroma.it\/NewScolastica\/index.php\/wp-json\/wp\/v2\/tags?post=30893"},{"taxonomy":"series","embeddable":true,"href":"https:\/\/www.diocesidiroma.it\/NewScolastica\/index.php\/wp-json\/wp\/v2\/series?post=30893"}],"curies":[{"name":"wp","href":"https:\/\/api.w.org\/{rel}","templated":true}]}}