{"id":31519,"date":"2026-04-28T11:04:27","date_gmt":"2026-04-28T09:04:27","guid":{"rendered":"https:\/\/www.diocesidiroma.it\/NewScolastica\/?p=31519"},"modified":"2026-04-28T13:42:30","modified_gmt":"2026-04-28T11:42:30","slug":"il-cuore-parla-al-cuore-il-3-meeting-nazionale-promosso-dalla-cei","status":"publish","type":"post","link":"https:\/\/www.diocesidiroma.it\/NewScolastica\/index.php\/il-cuore-parla-al-cuore-il-3-meeting-nazionale-promosso-dalla-cei\/","title":{"rendered":"Il cuore parla al cuore: il 3\u00b0 Meeting nazionale promosso dalla Cei"},"content":{"rendered":"<p style=\"text-align: justify;\" data-start=\"420\" data-end=\"946\"><img loading=\"lazy\" decoding=\"async\" class=\"size-full wp-image-31523 alignleft\" src=\"https:\/\/www.diocesidiroma.it\/NewScolastica\/wp-content\/uploads\/2026\/04\/il-cuorecei.png\" alt=\"\" width=\"300\" height=\"168\" \/>Se una sola parola dovesse racchiudere il senso e la bellezza dei tre giorni di studio e riflessione del 3\u00b0 Meeting nazionale degli Idr, promosso e organizzato a Roma dalla Cei dal 23 al 25 aprile, non potrebbe che essere \u201ccuore\u201d. Non tanto e non solo perch\u00e9 il tema scelto per l\u2019evento, ispirato dalle parole del co-patrono del mondo educativo san John Henry Newman, \u00e8 stato \u201cIl cuore parla al cuore. L\u2019Irc laboratorio di cultura e dialogo\u201d, ma anche e soprattutto perch\u00e9 con il cuore \u00e8 stato vissuto da tutti i partecipanti.<\/p>\n<p style=\"text-align: justify;\" data-start=\"948\" data-end=\"1407\"><img loading=\"lazy\" decoding=\"async\" class=\"size-medium wp-image-31525 alignleft\" src=\"https:\/\/www.diocesidiroma.it\/NewScolastica\/wp-content\/uploads\/2026\/04\/IMG_6797-225x300.jpeg\" alt=\"\" width=\"225\" height=\"300\" srcset=\"https:\/\/www.diocesidiroma.it\/NewScolastica\/wp-content\/uploads\/2026\/04\/IMG_6797-225x300.jpeg 225w, https:\/\/www.diocesidiroma.it\/NewScolastica\/wp-content\/uploads\/2026\/04\/IMG_6797-768x1024.jpeg 768w, https:\/\/www.diocesidiroma.it\/NewScolastica\/wp-content\/uploads\/2026\/04\/IMG_6797-1152x1536.jpeg 1152w, https:\/\/www.diocesidiroma.it\/NewScolastica\/wp-content\/uploads\/2026\/04\/IMG_6797-1536x2048.jpeg 1536w, https:\/\/www.diocesidiroma.it\/NewScolastica\/wp-content\/uploads\/2026\/04\/IMG_6797-696x928.jpeg 696w, https:\/\/www.diocesidiroma.it\/NewScolastica\/wp-content\/uploads\/2026\/04\/IMG_6797-1068x1424.jpeg 1068w, https:\/\/www.diocesidiroma.it\/NewScolastica\/wp-content\/uploads\/2026\/04\/IMG_6797-315x420.jpeg 315w, https:\/\/www.diocesidiroma.it\/NewScolastica\/wp-content\/uploads\/2026\/04\/IMG_6797-scaled.jpeg 1920w\" sizes=\"auto, (max-width: 225px) 100vw, 225px\" \/>Papa Leone XIV, nel corso dell\u2019udienza in Aula Paolo VI sabato mattina, ha esortato tutti i docenti e i responsabili degli Uffici diocesani ad avere cura della dimensione umana, propria e di coloro che vengono loro affidati. \u00abI vostri alunni non hanno bisogno di risposte preconfezionate, ma di vicinanza e onest\u00e0 da parte di adulti che li affianchino con autorevolezza e responsabilit\u00e0, mentre affrontano le grandi domande della vita\u00bb, ha detto il Pontefice.<\/p>\n<p style=\"text-align: justify;\" data-start=\"1409\" data-end=\"2225\">Ancora, evidenziando la necessit\u00e0 di \u00abaiutare i ragazzi a riconoscere una voce che in realt\u00e0 gi\u00e0 risuona in loro, a non seppellirla, n\u00e9 a confonderla con i rumori che li circondano\u00bb, consapevoli che viviamo \u00abcostantemente assediati da stimoli di ogni genere\u00bb e che \u00abridurre al silenzio quella voce \u00e8 facilissimo\u00bb, il Papa ha invitato a \u00abeducare a sentirla o a ritrovarla: uno dei doni pi\u00f9 grandi che si possano fare alle nuove generazioni\u00bb. Questo perch\u00e9 \u00abl\u2019uomo non pu\u00f2 vivere senza verit\u00e0 e significati autentici, e i giovani, anche se a volte sembrano apatici o insensibili, dietro una facciata di apparente indifferenza, in realt\u00e0 spesso nascondono l\u2019inquietudine e la sofferenza di chi \u201csente troppo\u201d e in modo troppo intenso, senza riuscire a dare un nome a ci\u00f2 che sperimenta\u00bb, sono ancora le parole di Leone.<\/p>\n<p style=\"text-align: justify;\" data-start=\"2227\" data-end=\"2852\">Per il direttore dell\u2019Ufficio scuola della diocesi di Roma, Rosario Chiarazzo, Papa Leone \u00abcon il suo discorso ha infuso coraggio, dinamismo e speranza a tutti i docenti, dimostrandosi particolarmente riconoscente per il loro lavoro quotidiano, che ha detto essere impegnativo, spesso silenzioso e non appariscente, e nondimeno molto importante per la crescita di tanti bambini, ragazzi e giovani\u00bb. Per loro, come sottolinea anche la Nota pastorale Cei del dicembre 2025, \u00abla dimensione religiosa \u00e8 un elemento costitutivo dell\u2019esperienza umana e non pu\u00f2 essere marginalizzata nel processo formativo delle nuove generazioni\u00bb. Si tratta, quindi, di educare con il cuore alla verit\u00e0, preparandosi a essere capaci di accogliere le domande dei pi\u00f9 giovani e accompagnandoli verso le risposte con autorevolezza.<\/p>\n<p style=\"text-align: justify;\" data-start=\"3036\" data-end=\"3518\">In questo senso ha offerto una riflessione anche il cardinale vicario Baldo Reina che, venerd\u00ec sera, nella Basilica di San Giovanni in Laterano, ha presieduto una solenne celebrazione, rivolgendosi a docenti e responsabili diocesani e incoraggiandoli nella \u00abdelicata opera educativa affidata dalla Chiesa alle diocesi\u00bb, affinch\u00e9 bambini, ragazzi e giovani \u00abscoprano che la carne di Cristo \u00e8 il vero cibo e non abbiano bisogno di surrogati e, poco alla volta, si aprano alla Verit\u00e0\u00bb.<\/p>\n<p style=\"text-align: justify;\" data-start=\"3520\" data-end=\"3885\">In particolare, il porporato ha riconosciuto il valore della \u00abmissione preziosissima di parlare al cuore dei pi\u00f9 giovani, senza mai screditarli o farli sentire sbagliati, ma, invece, amati da Dio e dalla Chiesa\u00bb. Si tratta, quindi, di \u00abparlare al cuore, intercettando un desiderio profondo, quello legato alla ricerca della verit\u00e0\u00bb, ha concluso il vicario del Papa.<\/p>\n<p style=\"text-align: justify;\" data-start=\"3887\" data-end=\"4648\">Da parte sua, monsignor Carlo Maria Polvani, segretario del Dicastero per la cultura e l\u2019educazione, intervenendo venerd\u00ec mattina in uno dei panel del convegno, con parole appassionate e appassionanti ha sottolineato il valore del lavoro degli Idr con bambini e ragazzi. \u00abVoi li prendete al momento pi\u00f9 critico, quando definiscono chi sono, e dal vostro successo o dal vostro fallimento determinate la loro vita\u00bb, ha affermato. Questo non significa \u00abche chiediamo a voi dei miracoli, non possiamo farlo \u2013 sono ancora le parole del presule \u2013 ma possiamo almeno essere grati per quello che fate e per la grandezza del vostro impatto: il bene che voi fate \u00e8 immensamente pi\u00f9 grande di quello che non riuscite a fare e per questo vengo solo qui per dirvi \u201cgrazie\u201d\u00bb.<\/p>\n<p style=\"text-align: justify;\" data-start=\"4650\" data-end=\"5115\">Grato per le giornate di studio e riflessione \u00abperch\u00e9 abbiamo ascoltato dei testimoni che hanno motivato gli insegnanti nel loro impegno quotidiano, dando speranza nel potersi confrontare con i ragazzi e le ragazze\u00bb, anche don Alberto Gastaldi, responsabile del Servizio nazionale per l\u2019insegnamento della religione cattolica della Cei, che ha espresso \u00abil desiderio che la Chiesa italiana possa stare accanto per sostenere questa esperienza dell\u2019ora di religione\u00bb.<\/p>\n<p style=\"text-align: justify;\" data-start=\"5117\" data-end=\"5486\">Don Giacomo Pompei, aiutante di studio dello stesso Ufficio, ha voluto invece esprimere gratitudine ai 70 volontari, Idr della diocesi di Roma, che hanno dato il loro sostegno alla buona riuscita dell\u2019evento. \u00abSe entrate in classe con l\u2019entusiasmo che avete mostrato in queste giornate, siamo sicuri che il vostro lavoro \u00e8 fatto davvero bene e col cuore\u00bb, ha affermato.<\/p>\n<p style=\"text-align: justify;\" data-start=\"5488\" data-end=\"6148\">Vero entusiasmo si \u00e8 visto nei sorrisi e nella voglia di esserci di tutti i volontari. Inna, originaria della Lettonia ma in Italia da 13 anni e Idr da 5, parla di \u00abun\u2019esperienza di formazione, da un lato, ma anche spirituale per l\u2019incoraggiamento ricevuto e la possibilit\u00e0 di stare insieme, dando un contributo nella Chiesa di Roma\u00bb. Suor Marievic, filippina delle Suore dell\u2019Incoronata, sottolinea la bellezza \u00abdi essere stati insieme tra noi insegnanti di religione, lavorando con tanti colleghi ora diventati amici. E questa \u00e8 una cosa bellissima: inizia da qui la testimonianza dell\u2019essere Chiesa che poi noi portiamo in classe con i bambini e i ragazzi\u00bb.<\/p>\n<p style=\"text-align: justify;\" data-start=\"6150\" data-end=\"6807\">Tanti gli \u201cstrumenti\u201d che gli Idr hanno acquisito in queste giornate di studio e approfondimento, anche sul fronte della relazione umana. Una proposta significativa \u00e8 il cortometraggio <em data-start=\"6335\" data-end=\"6347\">Ora libera<\/em>, presentato sabato mattina prima dell\u2019udienza con il Papa in Aula Nervi. Prodotto da Rai Cinema e One More Pictures, il progetto, che intende offrire \u00abuna presentazione positiva dell\u2019Idr nell\u2019immaginario collettivo\u00bb, nasce da un\u2019idea di Claudia Caneva, preside dell\u2019Istituto Superiore di Scienze Religiose Ecclesia Mater della diocesi di Roma, e vede la sinergia dello stesso Istituto con l\u2019Ufficio della pastorale scolastica &#8211; IrC del Vicariato. Il cortometraggio racconta il primo giorno di scuola di un professore di religione e lo scontro, che diventa poi incontro, tra un docente e uno studente di un liceo romano. Le riprese si sono svolte presso il Liceo De Sanctis di Roma. (M.Altoviti)<\/p>\n<blockquote class=\"wp-embedded-content\" data-secret=\"nWXyzq6GVw\"><p><a href=\"https:\/\/www.romasette.it\/il-papa-i-giovani-spesso-nascondono-linquietudine-di-chi-sente-troppo\/\">Il Papa: \u00abI giovani spesso nascondono l&#8217;inquietudine di chi &#8220;sente troppo&#8221;\u00bb<\/a><\/p><\/blockquote>\n<p><iframe loading=\"lazy\" class=\"wp-embedded-content\" sandbox=\"allow-scripts\" security=\"restricted\" style=\"position: absolute; visibility: hidden;\" title=\"&#8220;Il Papa: \u00abI giovani spesso nascondono l&#8217;inquietudine di chi &#8220;sente troppo&#8221;\u00bb&#8221; &#8212; RomaSette\" src=\"https:\/\/www.romasette.it\/il-papa-i-giovani-spesso-nascondono-linquietudine-di-chi-sente-troppo\/embed\/#?secret=U1RWFDBX7v#?secret=nWXyzq6GVw\" data-secret=\"nWXyzq6GVw\" width=\"600\" height=\"338\" frameborder=\"0\" marginwidth=\"0\" marginheight=\"0\" scrolling=\"no\"><\/iframe><\/p>\n<p><strong><a href=\"https:\/\/www.chiesacattolica.it\/il-discorso-di-papa-leone-xiv-agli-insegnanti-di-religione\/\">Il discorso di Papa Leone XIV<\/a><\/strong><\/p>\n<p><a href=\"https:\/\/www.vaticannews.va\/it\/papa\/news\/2026-04\/leone-xiv-docenti-religione-cei-udienza-aula-paolo-vi.html\"><strong>Vatican News<\/strong><\/a><\/p>\n<p>&nbsp;<\/p>\n<p>&nbsp;<\/p>\n<p>&nbsp;<\/p>\n","protected":false},"excerpt":{"rendered":"Tre giorni di studio, riflessione e confronto per i docenti di religione cattolica, incoraggiati da Papa Leone XIV a custodire la dimensione umana e ad accompagnare i giovani nelle grandi domande della vita.","protected":false},"author":308,"featured_media":31521,"comment_status":"closed","ping_status":"closed","sticky":false,"template":"","format":"standard","meta":{"episode_type":"audio","audio_file":"","cover_image":"","cover_image_id":"","duration":"","filesize":"","date_recorded":"","explicit":"","block":"","filesize_raw":"","footnotes":""},"categories":[1,86,120,4],"tags":[],"series":[],"class_list":["post-31519","post","type-post","status-publish","format-standard","has-post-thumbnail","hentry","category-eventi","category-evidenza","category-in_evidenza","category-notizie"],"acf":[],"episode_featured_image":"https:\/\/www.diocesidiroma.it\/NewScolastica\/wp-content\/uploads\/2026\/04\/aula-paolo-VI.jpeg","episode_player_image":"https:\/\/www.diocesidiroma.it\/NewScolastica\/wp-content\/uploads\/2024\/12\/ufficio-per-la-pastorale-scolastica-e-irc-cover-scaled.jpg","download_link":"","player_link":"","audio_player":false,"episode_data":{"playerMode":"dark","subscribeUrls":{"apple_podcasts":{"key":"apple_podcasts","url":"","label":"Apple Podcasts","class":"apple_podcasts","icon":"apple-podcasts.png"},"stitcher":{"key":"stitcher","url":"","label":"Stitcher","class":"stitcher","icon":"stitcher.png"},"google_podcasts":{"key":"google_podcasts","url":"","label":"Google Podcasts","class":"google_podcasts","icon":"google-podcasts.png"},"spotify":{"key":"spotify","url":"","label":"Spotify","class":"spotify","icon":"spotify.png"}},"rssFeedUrl":"https:\/\/www.diocesidiroma.it\/NewScolastica\/feed\/podcast\/ufficio-per-la-pastorale-scolastica-e-irc","embedCode":"<blockquote class=\"wp-embedded-content\" data-secret=\"Dq9CEYsm25\"><a href=\"https:\/\/www.diocesidiroma.it\/NewScolastica\/index.php\/il-cuore-parla-al-cuore-il-3-meeting-nazionale-promosso-dalla-cei\/\">Il cuore parla al cuore: il 3\u00b0 Meeting nazionale promosso dalla Cei<\/a><\/blockquote><iframe sandbox=\"allow-scripts\" security=\"restricted\" src=\"https:\/\/www.diocesidiroma.it\/NewScolastica\/index.php\/il-cuore-parla-al-cuore-il-3-meeting-nazionale-promosso-dalla-cei\/embed\/#?secret=Dq9CEYsm25\" width=\"500\" height=\"350\" title=\"&#8220;Il cuore parla al cuore: il 3\u00b0 Meeting nazionale promosso dalla Cei&#8221; &#8212; Ufficio per la Pastorale Scolastica e IRC\" data-secret=\"Dq9CEYsm25\" frameborder=\"0\" marginwidth=\"0\" marginheight=\"0\" scrolling=\"no\" class=\"wp-embedded-content\"><\/iframe><script type=\"text\/javascript\">\n\/* <![CDATA[ *\/\n\/**\n * WordPress inline HTML embed\n *\n * @since 4.4.0\n * @output wp-includes\/js\/wp-embed.js\n *\n * Single line comments should not be used since they will break\n * the script when inlined in get_post_embed_html(), specifically\n * when the comments are not stripped out due to SCRIPT_DEBUG\n * being turned on.\n *\/\n(function ( window, document ) {\n\t'use strict';\\n\\n\t\/* Abort for ancient browsers. *\/\n\tif ( ! document.querySelector || ! window.addEventListener || typeof URL === 'undefined' ) {\n\t\treturn;\n\t}\\n\\n\t\/** @namespace wp *\/\n\twindow.wp = window.wp || {};\\n\\n\t\/* Abort if script was already executed. *\/\n\tif ( !! window.wp.receiveEmbedMessage ) {\n\t\treturn;\n\t}\\n\\n\t\/**\n\t * Receive embed message.\n\t *\n\t * @param {MessageEvent} e\n\t *\/\n\twindow.wp.receiveEmbedMessage = function( e ) {\n\t\tvar data = e.data;\\n\\n\t\t\/* Verify shape of message. *\/\n\t\tif (\n\t\t\t! ( data || data.secret || data.message || data.value ) ||\n\t\t\t\/[^a-zA-Z0-9]\/.test( data.secret )\n\t\t) {\n\t\t\treturn;\n\t\t}\\n\\n\t\tvar iframes = document.querySelectorAll( 'iframe[data-secret=\"' + data.secret + '\"]' ),\n\t\t\tblockquotes = document.querySelectorAll( 'blockquote[data-secret=\"' + data.secret + '\"]' ),\n\t\t\tallowedProtocols = new RegExp( '^https?:$', 'i' ),\n\t\t\ti, source, height, sourceURL, targetURL;\\n\\n\t\tfor ( i = 0; i < blockquotes.length; i++ ) {\n\t\t\tblockquotes[ i ].style.display = 'none';\n\t\t}\\n\\n\t\tfor ( i = 0; i < iframes.length; i++ ) {\n\t\t\tsource = iframes[ i ];\\n\\n\t\t\tif ( e.source !== source.contentWindow ) {\n\t\t\t\tcontinue;\n\t\t\t}\\n\\n\t\t\tsource.removeAttribute( 'style' );\\n\\n\t\t\tif ( 'height' === data.message ) {\n\t\t\t\t\/* Resize the iframe on request. *\/\n\t\t\t\theight = parseInt( data.value, 10 );\n\t\t\t\tif ( height > 1000 ) {\n\t\t\t\t\theight = 1000;\n\t\t\t\t} else if ( ~~height < 200 ) {\n\t\t\t\t\theight = 200;\n\t\t\t\t}\\n\\n\t\t\t\tsource.height = height;\n\t\t\t} else if ( 'link' === data.message ) {\n\t\t\t\t\/* Link to a specific URL on request. *\/\n\t\t\t\tsourceURL = new URL( source.getAttribute( 'src' ) );\n\t\t\t\ttargetURL = new URL( data.value );\\n\\n\t\t\t\tif (\n\t\t\t\t\tallowedProtocols.test( targetURL.protocol ) &&\n\t\t\t\t\ttargetURL.host === sourceURL.host &&\n\t\t\t\t\tdocument.activeElement === source\n\t\t\t\t) {\n\t\t\t\t\twindow.top.location.href = data.value;\n\t\t\t\t}\n\t\t\t}\n\t\t}\n\t};\\n\\n\tfunction onLoad() {\n\t\tvar iframes = document.querySelectorAll( 'iframe.wp-embedded-content' ),\n\t\t\ti, source, secret;\\n\\n\t\tfor ( i = 0; i < iframes.length; i++ ) {\n\t\t\t\/** @var {IframeElement} *\/\n\t\t\tsource = iframes[ i ];\\n\\n\t\t\tsecret = source.getAttribute( 'data-secret' );\n\t\t\tif ( ! secret ) {\n\t\t\t\t\/* Add secret to iframe *\/\n\t\t\t\tsecret = Math.random().toString( 36 ).substring( 2, 12 );\n\t\t\t\tsource.src += '#?secret=' + secret;\n\t\t\t\tsource.setAttribute( 'data-secret', secret );\n\t\t\t}\\n\\n\t\t\t\/*\n\t\t\t * Let post embed window know that the parent is ready for receiving the height message, in case the iframe\n\t\t\t * loaded before wp-embed.js was loaded. When the ready message is received by the post embed window, the\n\t\t\t * window will then (re-)send the height message right away.\n\t\t\t *\/\n\t\t\tsource.contentWindow.postMessage( {\n\t\t\t\tmessage: 'ready',\n\t\t\t\tsecret: secret\n\t\t\t}, '*' );\n\t\t}\n\t}\\n\\n\twindow.addEventListener( 'message', window.wp.receiveEmbedMessage, false );\n\tdocument.addEventListener( 'DOMContentLoaded', onLoad, false );\n})( window, document );\\n\\n\/* ]]> *\/\n<\/script>\n"},"_links":{"self":[{"href":"https:\/\/www.diocesidiroma.it\/NewScolastica\/index.php\/wp-json\/wp\/v2\/posts\/31519","targetHints":{"allow":["GET"]}}],"collection":[{"href":"https:\/\/www.diocesidiroma.it\/NewScolastica\/index.php\/wp-json\/wp\/v2\/posts"}],"about":[{"href":"https:\/\/www.diocesidiroma.it\/NewScolastica\/index.php\/wp-json\/wp\/v2\/types\/post"}],"author":[{"embeddable":true,"href":"https:\/\/www.diocesidiroma.it\/NewScolastica\/index.php\/wp-json\/wp\/v2\/users\/308"}],"replies":[{"embeddable":true,"href":"https:\/\/www.diocesidiroma.it\/NewScolastica\/index.php\/wp-json\/wp\/v2\/comments?post=31519"}],"version-history":[{"count":5,"href":"https:\/\/www.diocesidiroma.it\/NewScolastica\/index.php\/wp-json\/wp\/v2\/posts\/31519\/revisions"}],"predecessor-version":[{"id":31527,"href":"https:\/\/www.diocesidiroma.it\/NewScolastica\/index.php\/wp-json\/wp\/v2\/posts\/31519\/revisions\/31527"}],"wp:featuredmedia":[{"embeddable":true,"href":"https:\/\/www.diocesidiroma.it\/NewScolastica\/index.php\/wp-json\/wp\/v2\/media\/31521"}],"wp:attachment":[{"href":"https:\/\/www.diocesidiroma.it\/NewScolastica\/index.php\/wp-json\/wp\/v2\/media?parent=31519"}],"wp:term":[{"taxonomy":"category","embeddable":true,"href":"https:\/\/www.diocesidiroma.it\/NewScolastica\/index.php\/wp-json\/wp\/v2\/categories?post=31519"},{"taxonomy":"post_tag","embeddable":true,"href":"https:\/\/www.diocesidiroma.it\/NewScolastica\/index.php\/wp-json\/wp\/v2\/tags?post=31519"},{"taxonomy":"series","embeddable":true,"href":"https:\/\/www.diocesidiroma.it\/NewScolastica\/index.php\/wp-json\/wp\/v2\/series?post=31519"}],"curies":[{"name":"wp","href":"https:\/\/api.w.org\/{rel}","templated":true}]}}