{"id":18564,"date":"2021-10-18T15:43:39","date_gmt":"2021-10-18T13:43:39","guid":{"rendered":"https:\/\/www.diocesidiroma.it\/camminosinodale\/?p=18564"},"modified":"2021-10-22T09:53:28","modified_gmt":"2021-10-22T07:53:28","slug":"il-cammino-sinodale-nella-diocesi-tutti-i-documenti","status":"publish","type":"post","link":"https:\/\/www.diocesidiroma.it\/camminosinodale\/index.php\/il-cammino-sinodale-nella-diocesi-tutti-i-documenti\/","title":{"rendered":"I documenti per il cammino sinodale diocesano"},"content":{"rendered":"<p>Il cammino sinodale nella nostra diocesi \u00e8 partito gi\u00e0 da luned\u00ec, con gli incontri del cardinale vicario Angelo De Donatis nei diversi settori, proprio il giorno successivo alla Messa di apertura celebrata da Papa Francesco. E adesso inizia in tutte le comunit\u00e0 parrocchiali. Per portarlo avanti al meglio, sono a disposizione diversi documenti della Cei e indicazioni della diocesi stessa. Inoltre, proseguir\u00e0 anche quest\u2019anno la formazione per le \u00e9quipe pastorali, che sar\u00e0 parte integrante del cammino sinodale: il primo appuntamento \u00e8 in programma per sabato 6 novembre, dalle 10 alle 11, sul canale Nsl e sulla pagina Facebook della diocesi. Sui social e sul sito diocesano saranno disponibili a breve anche due video dedicati al tema.<\/p>\n<p>\u00abIl cammino sinodale punta a creare lo \u201cspazio\u201d in cui emerga la voce dello Spirito Santo e non la nostra voce \u2013 si legge nelle Indicazioni preparate dalla diocesi di Roma \u2013. La voce dello Spirito risuona attraverso l\u2019ascolto della Parola di Dio e attraverso l\u2019ascolto dei fratelli, quando la comunit\u00e0 cristiana si riunisce e compie un discernimento comunitario su ci\u00f2 che vive, su ci\u00f2 che ascolta, sulla storia umana che abita\u00bb. Ma affinch\u00e9 questo si realizzi, sono necessarie due condizioni: \u00abil Popolo di Dio si riunisce per ascoltare la sua Parola che illumina la vita\u00bb e \u00abla Chiesa diventa sempre pi\u00f9 un luogo di incontro cordiale e di accoglienza reciproca in cui possono nascere fiducia ed amicizia\u00bb.<\/p>\n<p>Alle comunit\u00e0 parrocchiali viene quindi proposto un cammino sulle <strong>Beatitudini<\/strong>: si tratta di un itinerario spirituale di otto incontri (uno per beatitudine) che sar\u00e0 il \u201cluogo\u201d in cui avviene anche la consultazione sinodale: l\u00ec si affrontano l\u2019interrogativo fondamentale e le domande che lo articolano, suddivise in dieci temi. In concreto, quindi, si legge nelle Indicazioni, \u00abgli incontri sinodali quindi, assembleari o di gruppo, partiranno sempre dall\u2019ascolto della Parola delle Beatitudini e verranno custoditi dal clima creato da questo ascolto\u00bb.<\/p>\n<p>A livello diocesano, viene inoltre costituita una \u00e9quipe diocesana, come previsto dal vademecum del Sinodo dei Vescovi, guidata da due referenti: la sua funzione consiste nel coordinare il cammino sinodale in sinergia con il cardinale vicario e il consiglio episcopale. Mentre in parrocchia, \u00abbisogner\u00e0 prima di tutto vedersi con l\u2019\u00e9quipe pastorale parrocchiale. Una domenica di fine ottobre e di inizio novembre \u2013 \u00e8 il suggerimento \u2013 pu\u00f2 essere l\u2019occasione per proporre a tutti il cammino sinodale: durante l\u2019omelia o al termine della celebrazione si spiega il senso del percorso sinodale, si inseriscono delle specifiche intenzioni nella preghiera dei fedeli, si distribuisce il Messaggio della Cei all\u2019uscita dalla celebrazione, si diffonde tra i parrocchiani e nei gruppi degli operatori pastorali il video e lo si mette nel sito della parrocchia\u00bb.<\/p>\n<p>Ma nell\u2019arco dell\u2019anno \u00ab\u00e8 importante trovare occasioni di incontro con chi non partecipa alla vita della comunit\u00e0 \u2013 \u00e8 la conclusione \u2013, o perch\u00e9 cristiano non praticante o perch\u00e9 credente di altre religioni o perch\u00e9 non credente. Il farsi vicini a queste persone, il dialogo, il prendere sul serio il loro punto di vista (anche quando \u00e8 critico verso la fede o la Chiesa), testimonia il coraggio di una comunit\u00e0 cristiana capace di \u201cprendere l\u2019iniziativa\u201d, di accogliere e coinvolgersi, di mettersi in discussione\u00bb.<\/p>\n<p><a href=\"https:\/\/www.diocesidiroma.it\/camminosinodale\/archivio\/2021\/cardinale\/Incontro_con_i_Sacerdoti_dei_diversi_Settori_della_Diocesi_di_Roma__doc_965.pdf\" rel=\"noopener\" target=\"_blank\">L&#8217;intervento integrale del cardinale De Donatis<\/a><\/p>\n<p><a href=\"https:\/\/www.diocesidiroma.it\/camminosinodale\/archivio\/2021\/diocesi\/Udienza_di_Papa_Francesco_alla_diocesi_di_Roma_doc_942.pdf\" rel=\"noopener\" target=\"_blank\">Udienza di Papa Francesco alla diocesi del 18 settembre<\/a><\/p>\n<p><a href=\"https:\/\/www.diocesidiroma.it\/camminosinodale\/archivio\/2021\/diocesi\/Messaggi_agli_Operatori_Pastorali_dal_Consiglio_Permanente_della_Cei_doc_950.pdf\" rel=\"noopener\" target=\"_blank\">Lettera della Cei ai presbiteri e agli operatori pastorali<\/a><\/p>\n<p><a href=\"https:\/\/www.diocesidiroma.it\/camminosinodale\/archivio\/2021\/diocesi\/Lettera_ai_Sacerdoti_e_ai_Diaconi_da_padre_del_Consiglio_Permanente_della_Cei_doc_951.pdf\" rel=\"noopener\" target=\"_blank\">Lettera della Cei agli uomini e alle donne di buona volont\u00e0<\/a><\/p>\n<p><a href=\"https:\/\/www.diocesidiroma.it\/camminosinodale\/archivio\/2021\/diocesi\/Indicazioni_Operative_per_il_Cammino_Sinodale_doc_957.pdf\" rel=\"noopener\" target=\"_blank\">Indicazioni operative per il cammino sinodale<\/a><\/p>\n<p><a href=\"https:\/\/www.diocesidiroma.it\/camminosinodale\/archivio\/2021\/diocesi\/Scheda_Beatitudini_con_Questionario_Sinodale_doc_955.pdf\" rel=\"noopener\" target=\"_blank\">Scheda delle Beatitudini con Questionario Sinodale<\/a><\/p>\n<p><a href=\"https:\/\/www.diocesidiroma.it\/camminosinodale\/archivio\/2021\/diocesi\/Suggerimenti_liturgici_per_apertura_del_Cammino_Sinodale_doc_958.pdf\" rel=\"noopener\" target=\"_blank\">Suggerimenti liturgici per l&#8217;apertura del cammino sinodale<\/a><\/p>\n<p>15 ottobre 2021<\/p>\n","protected":false},"excerpt":{"rendered":"<p>Il cammino sinodale nella nostra diocesi \u00e8 partito gi\u00e0 da luned\u00ec, con gli incontri del cardinale vicario Angelo De Donatis nei diversi settori, proprio il giorno successivo alla Messa di apertura celebrata da Papa Francesco. E adesso inizia in tutte le comunit\u00e0 parrocchiali. Per portarlo avanti al meglio, sono a disposizione diversi documenti della Cei [&hellip;]<\/p>\n","protected":false},"author":14,"featured_media":18565,"comment_status":"closed","ping_status":"closed","sticky":false,"template":"","format":"standard","meta":{"footnotes":""},"categories":[914],"tags":[741],"class_list":["post-18564","post","type-post","status-publish","format-standard","has-post-thumbnail","hentry","category-cammino_sinodale-21-22","tag-vetrina2"],"_links":{"self":[{"href":"https:\/\/www.diocesidiroma.it\/camminosinodale\/index.php\/wp-json\/wp\/v2\/posts\/18564","targetHints":{"allow":["GET"]}}],"collection":[{"href":"https:\/\/www.diocesidiroma.it\/camminosinodale\/index.php\/wp-json\/wp\/v2\/posts"}],"about":[{"href":"https:\/\/www.diocesidiroma.it\/camminosinodale\/index.php\/wp-json\/wp\/v2\/types\/post"}],"author":[{"embeddable":true,"href":"https:\/\/www.diocesidiroma.it\/camminosinodale\/index.php\/wp-json\/wp\/v2\/users\/14"}],"replies":[{"embeddable":true,"href":"https:\/\/www.diocesidiroma.it\/camminosinodale\/index.php\/wp-json\/wp\/v2\/comments?post=18564"}],"version-history":[{"count":0,"href":"https:\/\/www.diocesidiroma.it\/camminosinodale\/index.php\/wp-json\/wp\/v2\/posts\/18564\/revisions"}],"wp:featuredmedia":[{"embeddable":true,"href":"https:\/\/www.diocesidiroma.it\/camminosinodale\/index.php\/wp-json\/wp\/v2\/media\/18565"}],"wp:attachment":[{"href":"https:\/\/www.diocesidiroma.it\/camminosinodale\/index.php\/wp-json\/wp\/v2\/media?parent=18564"}],"wp:term":[{"taxonomy":"category","embeddable":true,"href":"https:\/\/www.diocesidiroma.it\/camminosinodale\/index.php\/wp-json\/wp\/v2\/categories?post=18564"},{"taxonomy":"post_tag","embeddable":true,"href":"https:\/\/www.diocesidiroma.it\/camminosinodale\/index.php\/wp-json\/wp\/v2\/tags?post=18564"}],"curies":[{"name":"wp","href":"https:\/\/api.w.org\/{rel}","templated":true}]}}