{"id":19843,"date":"2022-01-10T14:01:10","date_gmt":"2022-01-10T13:01:10","guid":{"rendered":"https:\/\/www.diocesidiroma.it\/camminosinodale\/?p=19843"},"modified":"2022-02-22T13:12:46","modified_gmt":"2022-02-22T12:12:46","slug":"i-nuovi-documenti-per-il-cammino-sinodale","status":"publish","type":"post","link":"https:\/\/www.diocesidiroma.it\/camminosinodale\/index.php\/i-nuovi-documenti-per-il-cammino-sinodale\/","title":{"rendered":"Vademecum, preghiera, schede bibliche: i documenti per il cammino sinodale"},"content":{"rendered":"<p>L&#8217;\u00e9quipe diocesana per il cammino sinodale ha preparato altri documenti per accompagnare la comunit\u00e0 diocesana in questo percorso. Si tratta, in particolare, delle <strong>schede bibliche<\/strong>, riviste rispetto alla precedente redazione, di un <strong>vademecum<\/strong> che raccoglie tutti i documenti e i testi predisposti per il cammino sinodale, e della <strong> preghiera Adsumus<\/strong>.<\/p>\n<p>I referenti dell&#8217;\u00e9quipe sinodale diocesana, padre <strong>Davide Carbonaro<\/strong> e <strong>Miriam Fioravanti<\/strong>, colgono l&#8217;occasione della sistemazione dei documenti per scrivere a tutta la comunit\u00e0 diocesana, a nome dell&#8217;\u00e9quipe tutta. In particolare, ricordano l&#8217;appuntamento con \u00abla trasmissione di formazione mensile relativa al Cammino sinodale (leggermente modificata nel format), che non si intende pi\u00f9 rivolta solo alle \u00e9quipes pastorali bens\u00ec a tutti gli operatori pastorali della parrocchia. La trasmissione dell&#8217;8 gennaio scorso, in particolare, ha trattato il delicato tema dell&#8217;ascolto dei giovani anche attraverso diverse testimonianze. Vorremmo infine ricordare che i membri dell&#8217;\u00c9quipe del Cammino sinodale sono disponibili, su richiesta, per la partecipazione agli incontri di Prefettura o presso le Parrocchie per parlare insieme del Cammino sinodale, per condividere esperienze e accogliere suggerimenti\u00bb.<\/p>\n<p><a href=\"https:\/\/www.diocesidiroma.it\/camminosinodale\/archivio\/2022\/diocesi\/Vademecum_per_il_Cammino_Sinodale_doc_1016.pdf\" rel=\"noopener\" target=\"_blank\">Clicca qui per scaricare il Vademecum<\/a><\/p>\n<p><a href=\"https:\/\/www.diocesidiroma.it\/camminosinodale\/archivio\/2022\/diocesi\/Schede_Bibliche_per_il_Cammino_Sinodale_doc_1017.pdf\" rel=\"noopener\" target=\"_blank\">Clicca qui per scaricare le schede bibliche<\/a><\/p>\n<p><a href=\"https:\/\/www.diocesidiroma.it\/camminosinodale\/archivio\/2022\/diocesi\/La_preghiera_per_il_Cammino_Sinodale_doc_999.pdf\" target=\"_blank\" rel=\"noopener\">Clicca qui per la preghiera<\/a><\/p>\n<p>10 gennaio 2022<\/p>\n","protected":false},"excerpt":{"rendered":"<p>L&#8217;\u00e9quipe diocesana per il cammino sinodale ha preparato altri documenti per accompagnare la comunit\u00e0 diocesana in questo percorso. Si tratta, in particolare, delle schede bibliche, riviste rispetto alla precedente redazione, di un vademecum che raccoglie tutti i documenti e i testi predisposti per il cammino sinodale, e della preghiera Adsumus. I referenti dell&#8217;\u00e9quipe sinodale diocesana, [&hellip;]<\/p>\n","protected":false},"author":14,"featured_media":19844,"comment_status":"closed","ping_status":"closed","sticky":false,"template":"","format":"standard","meta":{"footnotes":""},"categories":[914],"tags":[741],"class_list":["post-19843","post","type-post","status-publish","format-standard","has-post-thumbnail","hentry","category-cammino_sinodale-21-22","tag-vetrina2"],"_links":{"self":[{"href":"https:\/\/www.diocesidiroma.it\/camminosinodale\/index.php\/wp-json\/wp\/v2\/posts\/19843","targetHints":{"allow":["GET"]}}],"collection":[{"href":"https:\/\/www.diocesidiroma.it\/camminosinodale\/index.php\/wp-json\/wp\/v2\/posts"}],"about":[{"href":"https:\/\/www.diocesidiroma.it\/camminosinodale\/index.php\/wp-json\/wp\/v2\/types\/post"}],"author":[{"embeddable":true,"href":"https:\/\/www.diocesidiroma.it\/camminosinodale\/index.php\/wp-json\/wp\/v2\/users\/14"}],"replies":[{"embeddable":true,"href":"https:\/\/www.diocesidiroma.it\/camminosinodale\/index.php\/wp-json\/wp\/v2\/comments?post=19843"}],"version-history":[{"count":0,"href":"https:\/\/www.diocesidiroma.it\/camminosinodale\/index.php\/wp-json\/wp\/v2\/posts\/19843\/revisions"}],"wp:featuredmedia":[{"embeddable":true,"href":"https:\/\/www.diocesidiroma.it\/camminosinodale\/index.php\/wp-json\/wp\/v2\/media\/19844"}],"wp:attachment":[{"href":"https:\/\/www.diocesidiroma.it\/camminosinodale\/index.php\/wp-json\/wp\/v2\/media?parent=19843"}],"wp:term":[{"taxonomy":"category","embeddable":true,"href":"https:\/\/www.diocesidiroma.it\/camminosinodale\/index.php\/wp-json\/wp\/v2\/categories?post=19843"},{"taxonomy":"post_tag","embeddable":true,"href":"https:\/\/www.diocesidiroma.it\/camminosinodale\/index.php\/wp-json\/wp\/v2\/tags?post=19843"}],"curies":[{"name":"wp","href":"https:\/\/api.w.org\/{rel}","templated":true}]}}