{"id":20302,"date":"2022-02-14T09:45:07","date_gmt":"2022-02-14T08:45:07","guid":{"rendered":"https:\/\/www.diocesidiroma.it\/camminosinodale\/?p=20302"},"modified":"2022-03-11T10:23:11","modified_gmt":"2022-03-11T09:23:11","slug":"aggregazioni-laicali-e-cammino-sinodale-incontro-il-19-a-campitelli","status":"publish","type":"post","link":"https:\/\/www.diocesidiroma.it\/camminosinodale\/index.php\/aggregazioni-laicali-e-cammino-sinodale-incontro-il-19-a-campitelli\/","title":{"rendered":"Aggregazioni laicali e cammino sinodale, incontro il 19 a Campitelli"},"content":{"rendered":"<p>Sar\u00e0 un prezioso momento di ascolto e dialogo per condividere le modalit\u00e0 attraverso cui le realt\u00e0 laicali stanno incontrando le persone lontane dall\u2019esperienza di fede, quello di sabato 19 febbraio, alle ore 10.30. Nella \u201cSala Baldini\u201d della chiesa di <strong>Santa Maria in Campitelli <\/strong>(piazza di Campitelli, 9) si terr\u00e0 infatti un nuovo incontro della <strong>Consulta delle aggregazioni laicali<\/strong> sul percorso sinodale della diocesi di Roma. L\u2019appuntamento, che sar\u00e0 guidato dal vescovo <strong>Paolo Salvadagi<\/strong>, ausiliare per il settore Ovest e delegato per la Pastorale d\u2019ambiente, e da padre <strong>Davide Carbonaro<\/strong>, referente per il cammino sinodale per la diocesi di Roma, vedr\u00e0 anche la partecipazione di monsignor <strong>Francesco Pesce<\/strong>, delegato diocesano per la Consulta, e <strong>Lidia Borz\u00ec<\/strong>, segretaria per la Consulta.<\/p>\n<p>\u00abIn questo tempo di \u201ccammino sinodale\u201d \u2013 riflette padre Carbonaro \u2013 \u00e8 necessario ridirci la forza del dono che abbiamo ricevuto. E questo non basta professarlo dentro gruppi, movimenti e realt\u00e0 ecclesiali. Occorre che si compia un passo verso chi vive la nostra stessa quotidianit\u00e0, le nostre stesse fatiche e speranze\u00bb. Verso tutti coloro che sono lontani dalla fede perch\u00e9, come \u00abPapa Francesco ha chiesto alla Chiesa di Roma\u00bb, prosegue il referente del cammino sinodale diocesano, si tratta di \u00abuscire dalle nostre realt\u00e0 ricche di tanti doni ed essere testimoni attrattivi per quanti vivono nella nostra citt\u00e0\u00bb.<\/p>\n<p>14 febbraio 2022<\/p>\n","protected":false},"excerpt":{"rendered":"<p>Sar\u00e0 un prezioso momento di ascolto e dialogo per condividere le modalit\u00e0 attraverso cui le realt\u00e0 laicali stanno incontrando le persone lontane dall\u2019esperienza di fede, quello di sabato 19 febbraio, alle ore 10.30. Nella \u201cSala Baldini\u201d della chiesa di Santa Maria in Campitelli (piazza di Campitelli, 9) si terr\u00e0 infatti un nuovo incontro della Consulta [&hellip;]<\/p>\n","protected":false},"author":14,"featured_media":20303,"comment_status":"closed","ping_status":"closed","sticky":false,"template":"","format":"standard","meta":{"footnotes":""},"categories":[914,922],"tags":[565],"class_list":["post-20302","post","type-post","status-publish","format-standard","has-post-thumbnail","hentry","category-cammino_sinodale-21-22","category-notizie-cammino_sinodale-21-22","tag-apertura"],"_links":{"self":[{"href":"https:\/\/www.diocesidiroma.it\/camminosinodale\/index.php\/wp-json\/wp\/v2\/posts\/20302","targetHints":{"allow":["GET"]}}],"collection":[{"href":"https:\/\/www.diocesidiroma.it\/camminosinodale\/index.php\/wp-json\/wp\/v2\/posts"}],"about":[{"href":"https:\/\/www.diocesidiroma.it\/camminosinodale\/index.php\/wp-json\/wp\/v2\/types\/post"}],"author":[{"embeddable":true,"href":"https:\/\/www.diocesidiroma.it\/camminosinodale\/index.php\/wp-json\/wp\/v2\/users\/14"}],"replies":[{"embeddable":true,"href":"https:\/\/www.diocesidiroma.it\/camminosinodale\/index.php\/wp-json\/wp\/v2\/comments?post=20302"}],"version-history":[{"count":0,"href":"https:\/\/www.diocesidiroma.it\/camminosinodale\/index.php\/wp-json\/wp\/v2\/posts\/20302\/revisions"}],"wp:featuredmedia":[{"embeddable":true,"href":"https:\/\/www.diocesidiroma.it\/camminosinodale\/index.php\/wp-json\/wp\/v2\/media\/20303"}],"wp:attachment":[{"href":"https:\/\/www.diocesidiroma.it\/camminosinodale\/index.php\/wp-json\/wp\/v2\/media?parent=20302"}],"wp:term":[{"taxonomy":"category","embeddable":true,"href":"https:\/\/www.diocesidiroma.it\/camminosinodale\/index.php\/wp-json\/wp\/v2\/categories?post=20302"},{"taxonomy":"post_tag","embeddable":true,"href":"https:\/\/www.diocesidiroma.it\/camminosinodale\/index.php\/wp-json\/wp\/v2\/tags?post=20302"}],"curies":[{"name":"wp","href":"https:\/\/api.w.org\/{rel}","templated":true}]}}