{"id":20384,"date":"2022-02-21T09:42:46","date_gmt":"2022-02-21T08:42:46","guid":{"rendered":"https:\/\/www.diocesidiroma.it\/camminosinodale\/?p=20384"},"modified":"2022-03-11T10:22:35","modified_gmt":"2022-03-11T09:22:35","slug":"cammino-sinodale-tre-esperienze-di-ascolto","status":"publish","type":"post","link":"https:\/\/www.diocesidiroma.it\/camminosinodale\/index.php\/cammino-sinodale-tre-esperienze-di-ascolto\/","title":{"rendered":"Cammino sinodale, tre esperienze di ascolto"},"content":{"rendered":"<p>Se nella sua etimologia il Sinodo richiama un cammino condiviso, dare voce ai racconti delle esperienze di riflessione sulla sinodalit\u00e0 stessa \u2013 cui la Chiesa \u00e8 chiamata in questo speciale tempo, come auspicato da Papa Francesco \u2013, pu\u00f2 colorare e profumare la strada da percorrere, perch\u00e9 i semi che vengono gettati lasciano gi\u00e0 intravedere nuove radici e piante pronte a sbocciare.<\/p>\n<p>Sta fiorendo ad esempio \u00abuna singolare evangelizzazione che passa attraverso i piccoli\u00bb al <strong>centro di riabilitazione Casa Santa Maria della Provvidenza \u2013 Opera femminile Don Guanella<\/strong>, a via della Nocetta, come racconta la direttrice suor Michela Carrozzino. \u00abQuando il vescovo Paolo Ricciardi mi ha comunicato che il cardinale vicario e la diocesi chiedevano il coinvolgimento della nostra struttura e delle nostre ospiti per pregare per il cammino sinodale \u2013 dice la religiosa \u2013 mi sono chiesta come e in che modo delle persone con disabilit\u00e0 fisica e cognitiva o con dei disturbi comportamentali avrebbero potuto partecipare, ma ho accolto piacevolmente la richiesta, felice che anche loro potessero sentirsi riconosciute, scelte e chiamate dalla Chiesa\u00bb.<\/p>\n<p>In particolare suor Michela ha \u00abproposto questa sfida\u00bb ad un gruppo di giovani ospiti affette da un lieve disturbo cognitivo e comportamentale, introducendole all\u2019esperienza del Sinodo. Cos\u00ec ogni pomeriggio Stefania, Claudia, Milva e Lucia guidano e animano la recita del Rosario, \u00abfacendo pregare con gioia ed entusiasmo le 148 ospiti del nostro centro e dimostrando che davvero nessuno pu\u00f2 sentirsi escluso e pu\u00f2 invece dare il proprio contributo \u2013 racconta ancora la direttrice \u2013. Vedendo la bellezza di questa proposta, lo Spirito Santo mi ha poi suggerito un\u2019altra iniziativa, per arrivare anche ai nostri 178 dipendenti ma non solo\u00bb. Le ragazze, infatti, propongono un breve questionario con tre domande a chi frequenta il centro \u2013 dai medici e gli infermieri ai parenti in visita e fino ai fornitori \u2013, \u00abfacendo cos\u00ec sapere a molti che \u00e8 in corso un cammino sinodale e spiegando che cosa sia e che significato abbia, per far cogliere nella ferialit\u00e0 questo evento importante per la Chiesa\u00bb.<\/p>\n<p>Condivide questo aspetto della ferialit\u00e0 ed \u00e8 infatti \u00abaperto a tutte le realt\u00e0 del territorio, anche quelle che lo vivono ogni giorno nell\u2019impegno lavorativo\u00bb, il cammino sinodale portato avanti dalla <strong>parrocchia Santissima Trinit\u00e0 a Lunghezza<\/strong>, come spiega il parroco don Juan Jos\u00e8 Arcilia Artega. \u00abAlla celebrazione dello scorso 16 gennaio, che ha avviato il cammino sinodale anche per noi \u2013 dice il sacerdote di origine colombiana \u2013, abbiamo invitato, andando ad incontrarli, quanti sono impegnati nei servizi della zona come la Asl o le scuole e i negozi. Ci hanno accolti piacevolmente, gradendo questo incontro personale. Per molti \u00e8 stata una novit\u00e0 mentre altri erano gi\u00e0 a conoscenza del Sinodo voluto dal Papa\u00bb. In particolare la proposta parrocchiale, estesa pure \u00aba coloro che hanno cultura o religione propria come cinesi o musulmani\u00bb, prevede \u00abun incontro assembleare mensile \u2013 dice don Arcilia Artega \u2013, ogni secondo marted\u00ec del mese, in orario serale per favorire la partecipazione di un maggior numero di persone dopo gli impegni della giornata\u00bb.<\/p>\n<p>Anche alcuni dei 12 gruppi romani della <strong>Comunit\u00e0 di vita cristiana (Cvx)<\/strong>, l&#8217;associazione laicale di ispirazione ignaziana, stanno vivendo il cammino sinodale della Chiesa \u00abaderendo alla proposta diocesana fondata sull&#8217;ascolto, una scuola non estranea alla nostra realt\u00e0 ma che si sposa invece benissimo con il nostro stile fatto di conversazione spirituale, condivisione e ascolto mai giudicante tanto che partecipano ai nostri incontri anche persone separate o divorziate e omosessuali\u00bb, spiega Maria Letizia Damico, coordinatrice cittadina Cvx. \u00abNella mia comunit\u00e0, per esempio \u2013 racconta \u2013 abbiamo cercato di leggere alcune esperienze di vita quotidiana alla luce della Parola, individuando ciascuno un brano biblico che potesse definire la nostra situazione\u00bb, a dire che \u00abper noi, sono le persone con le loro storie ed esperienze che fanno la comunit\u00e0\u00bb.<\/p>\n<p><em>di Michela Altoviti da Roma Sette<\/em><\/p>\n<p>21 febbraio 2022<\/p>\n","protected":false},"excerpt":{"rendered":"<p>Se nella sua etimologia il Sinodo richiama un cammino condiviso, dare voce ai racconti delle esperienze di riflessione sulla sinodalit\u00e0 stessa \u2013 cui la Chiesa \u00e8 chiamata in questo speciale tempo, come auspicato da Papa Francesco \u2013, pu\u00f2 colorare e profumare la strada da percorrere, perch\u00e9 i semi che vengono gettati lasciano gi\u00e0 intravedere nuove [&hellip;]<\/p>\n","protected":false},"author":14,"featured_media":20385,"comment_status":"closed","ping_status":"closed","sticky":false,"template":"","format":"standard","meta":{"footnotes":""},"categories":[914,922],"tags":[896],"class_list":["post-20384","post","type-post","status-publish","format-standard","has-post-thumbnail","hentry","category-cammino_sinodale-21-22","category-notizie-cammino_sinodale-21-22","tag-apertura-1"],"_links":{"self":[{"href":"https:\/\/www.diocesidiroma.it\/camminosinodale\/index.php\/wp-json\/wp\/v2\/posts\/20384","targetHints":{"allow":["GET"]}}],"collection":[{"href":"https:\/\/www.diocesidiroma.it\/camminosinodale\/index.php\/wp-json\/wp\/v2\/posts"}],"about":[{"href":"https:\/\/www.diocesidiroma.it\/camminosinodale\/index.php\/wp-json\/wp\/v2\/types\/post"}],"author":[{"embeddable":true,"href":"https:\/\/www.diocesidiroma.it\/camminosinodale\/index.php\/wp-json\/wp\/v2\/users\/14"}],"replies":[{"embeddable":true,"href":"https:\/\/www.diocesidiroma.it\/camminosinodale\/index.php\/wp-json\/wp\/v2\/comments?post=20384"}],"version-history":[{"count":0,"href":"https:\/\/www.diocesidiroma.it\/camminosinodale\/index.php\/wp-json\/wp\/v2\/posts\/20384\/revisions"}],"wp:featuredmedia":[{"embeddable":true,"href":"https:\/\/www.diocesidiroma.it\/camminosinodale\/index.php\/wp-json\/wp\/v2\/media\/20385"}],"wp:attachment":[{"href":"https:\/\/www.diocesidiroma.it\/camminosinodale\/index.php\/wp-json\/wp\/v2\/media?parent=20384"}],"wp:term":[{"taxonomy":"category","embeddable":true,"href":"https:\/\/www.diocesidiroma.it\/camminosinodale\/index.php\/wp-json\/wp\/v2\/categories?post=20384"},{"taxonomy":"post_tag","embeddable":true,"href":"https:\/\/www.diocesidiroma.it\/camminosinodale\/index.php\/wp-json\/wp\/v2\/tags?post=20384"}],"curies":[{"name":"wp","href":"https:\/\/api.w.org\/{rel}","templated":true}]}}