{"id":20423,"date":"2022-02-23T17:29:00","date_gmt":"2022-02-23T16:29:00","guid":{"rendered":"https:\/\/www.diocesidiroma.it\/camminosinodale\/?p=20423"},"modified":"2022-03-11T10:22:20","modified_gmt":"2022-03-11T09:22:20","slug":"il-sinodo-di-tutti-in-ascolto-dei-poveri","status":"publish","type":"post","link":"https:\/\/www.diocesidiroma.it\/camminosinodale\/index.php\/il-sinodo-di-tutti-in-ascolto-dei-poveri\/","title":{"rendered":"Il \u201cSinodo di tutti\u201d, in ascolto dei poveri"},"content":{"rendered":"<p><strong>Il 18 settembre scorso,<\/strong>\u00a0incontrando la diocesi di Roma, Papa Francesco ha chiesto di vivere il Sinodo come \u00abun dinamismo di ascolto reciproco, condotto a tutti i livelli di Chiesa, coinvolgendo tutto il popolo di Dio\u00bb. Venerd\u00ec 18 febbraio la Comunit\u00e0 di Sant\u2019Egidio, stimolata dall\u2019invito di Bergoglio, ha passato la parola ai poveri. Nella basilica di Santa Maria in Trastevere si \u00e8 svolta l\u2019assemblea sinodale sul tema \u201cSinodo di tutti, nessuno escluso\u201d durante la quale persone diverse per et\u00e0, per esperienze di vita, per appartenenza geografica e fede professata hanno offerto spunti di riflessione, sollevato tanti quesiti, chiesto una Chiesa pi\u00f9 inclusiva, \u00abportando una ventata di aria nuova e fresca alla Chiesa di Roma\u00bb, ha detto il vescovo Benoni Ambarus, delegato diocesano per la Carit\u00e0. L\u2019incontro \u00e8 stato anticipato nelle scorse settimane dalle riunioni di \u00abpiccoli gruppi pre-sinodali \u2013 ha spiegato il presidente della Comunit\u00e0 di Sant\u2019Egidio Marco Impagliazzo -. Il Papa ha ispirato la Comunit\u00e0 a impegnarsi ancora di pi\u00f9 nell\u2019ascolto reciproco e ad aprire un percorso sinodale. L\u2019assemblea non \u00e8 ristretta ai membri della Comunit\u00e0, che come noto \u00e8 un ristretto molto allargato, senza barriere e senza frontiere. Vuole essere un incontro di comunione e partecipazione aperto a tutti\u00bb.<\/p>\n<p><strong>Dopo l\u2019invocazione allo<\/strong>\u00a0Spirito Santo recitata da monsignor Ambarus, al microfono si sono alternati gli anziani, i disabili, i migranti, ex senza dimora, tutti mossi dal desiderio di condividere la propria esperienza nella Chiesa dove, hanno rimarcato, hanno s\u00ec trovato sempre accoglienza e conforto ma si deve ancora lavorare perch\u00e9 ci sia spazio per ogni essere umano. \u00abNon bisogna essere accolti solo perch\u00e9 portatori di bandiere della sofferenza \u2013 ha detto Giulia, disabile di 34 anni -. Bisogna superare questo atteggiamento e aprire le braccia a tutti in quanto ognuno ha un valore inestimabile\u00bb. La malattia \u00e8 stata al centro anche dell\u2019intervento di Sofia, 88 anni, che si \u00e8 soffermata sullo smarrimento provato da tanti anziani soli difronte alle sofferenze fisiche. \u00abLa malattia induce a chiedersi cosa si \u00e8 fatto di male per meritarsi tanto dolore \u2013 ha detto -. Domande che cadono nel silenzio. Gli anziani sono un grande tesoro della Chiesa e vanno valorizzati\u00bb. Edda, 86 anni, ha proposto a tutte le comunit\u00e0 parrocchiali \u00abdi prendersi cura degli anziani che vivono da soli per permettere loro di rimanere nelle proprie abitazioni\u00bb senza costringerli a rinchiudersi in un ospizio, \u00abdove ci vuole maggiore assistenza pastorale e religiosa. A causa delle restrizioni per il Covid, nelle Rsa tantissimi anziani non partecipano alla Messa e non ricevono la comunione da due anni\u00bb. Durante il suo intervento per un lapsus ha ringraziato per il Sinodo \u00ab\u201cpap\u00e0\u201d Francesco\u00bb. Si \u00e8 corretta, ma Ambarus l\u2019ha invitata a mantenere il termine \u00ab\u201dpap\u00e0\u201d perch\u00e9 dalle testimonianze \u00e8 emerso che oggettivamente si \u00e8 colto il cammino sinodale non come un compito da fare ma come un dono da ricevere da \u201cpap\u00e0\u201d Francesco, che offre a tutti la possibilit\u00e0 di essere ascoltati e di ascoltarsi\u00bb. A proposito della terza et\u00e0, poi, l\u2019arcivescovo Vincenzo Paglia, presidente della Pontificia Accademia per la vita, ha comunicato che \u00abda mercoled\u00ec prossimo, e forse fino a fine giugno, Papa Francesco aiuter\u00e0 la Chiesa a riflettere sulla vecchiaia\u00bb.<\/p>\n<p><strong>Un Sinodo, quello voluto<\/strong>\u00a0da Bergoglio, che Ivan, disabile di 24 anni, vive come \u00abun colpo di scena\u00bb nel suo cammino di fede iniziato da poco. Battezzato da alcuni mesi, ha auspicato una \u00abChiesa sempre pi\u00f9 famiglia, dove ognuno trovi posto per vivere la dignit\u00e0 di figlio di Dio\u00bb. Azza, musulmana, mediatrice culturale per la Comunit\u00e0 di Sant\u2019Egidio, si \u00e8 concentrata sul valore della carit\u00e0 nella Chiesa. Questo \u00e8 anche \u00abuno dei pilastri dell\u2019Islam, ma i musulmani vivono la carit\u00e0 soprattutto nel mese del Ramadan\u00bb. Dai cristiani, che l\u2019hanno accolta \u00abappena arrivata in Italia dall\u2019Algeria\u00bb e che continuano a sostenerla, ha imparato \u00aba vivere la carit\u00e0 nel quotidiano non solo in teoria ma nella concretezza\u00bb. Dalle testimonianze emerge che \u00abnon possiamo rinunciare al fatto che la Chiesa sia la madre che accoglie\u00bb, ha concluso monsignor Ambarus, invitando i presenti a portare le proprie esperienze nelle parrocchie di appartenenza \u00abper aiutare la Chiesa di Roma a rinfrescarsi\u00bb.<\/p>\n<p>&nbsp;<\/p>\n<p>Da Romasette.it<\/p>\n<p>Articolo di <em>Roberta Pumpo<\/em><\/p>\n","protected":false},"excerpt":{"rendered":"<p>Il 18 settembre scorso,\u00a0incontrando la diocesi di Roma, Papa Francesco ha chiesto di vivere il Sinodo come \u00abun dinamismo di ascolto reciproco, condotto a tutti i livelli di Chiesa, coinvolgendo tutto il popolo di Dio\u00bb. Venerd\u00ec 18 febbraio la Comunit\u00e0 di Sant\u2019Egidio, stimolata dall\u2019invito di Bergoglio, ha passato la parola ai poveri. Nella basilica di [&hellip;]<\/p>\n","protected":false},"author":14,"featured_media":20424,"comment_status":"closed","ping_status":"closed","sticky":false,"template":"","format":"standard","meta":{"footnotes":""},"categories":[914,922],"tags":[],"class_list":["post-20423","post","type-post","status-publish","format-standard","has-post-thumbnail","hentry","category-cammino_sinodale-21-22","category-notizie-cammino_sinodale-21-22"],"_links":{"self":[{"href":"https:\/\/www.diocesidiroma.it\/camminosinodale\/index.php\/wp-json\/wp\/v2\/posts\/20423","targetHints":{"allow":["GET"]}}],"collection":[{"href":"https:\/\/www.diocesidiroma.it\/camminosinodale\/index.php\/wp-json\/wp\/v2\/posts"}],"about":[{"href":"https:\/\/www.diocesidiroma.it\/camminosinodale\/index.php\/wp-json\/wp\/v2\/types\/post"}],"author":[{"embeddable":true,"href":"https:\/\/www.diocesidiroma.it\/camminosinodale\/index.php\/wp-json\/wp\/v2\/users\/14"}],"replies":[{"embeddable":true,"href":"https:\/\/www.diocesidiroma.it\/camminosinodale\/index.php\/wp-json\/wp\/v2\/comments?post=20423"}],"version-history":[{"count":0,"href":"https:\/\/www.diocesidiroma.it\/camminosinodale\/index.php\/wp-json\/wp\/v2\/posts\/20423\/revisions"}],"wp:featuredmedia":[{"embeddable":true,"href":"https:\/\/www.diocesidiroma.it\/camminosinodale\/index.php\/wp-json\/wp\/v2\/media\/20424"}],"wp:attachment":[{"href":"https:\/\/www.diocesidiroma.it\/camminosinodale\/index.php\/wp-json\/wp\/v2\/media?parent=20423"}],"wp:term":[{"taxonomy":"category","embeddable":true,"href":"https:\/\/www.diocesidiroma.it\/camminosinodale\/index.php\/wp-json\/wp\/v2\/categories?post=20423"},{"taxonomy":"post_tag","embeddable":true,"href":"https:\/\/www.diocesidiroma.it\/camminosinodale\/index.php\/wp-json\/wp\/v2\/tags?post=20423"}],"curies":[{"name":"wp","href":"https:\/\/api.w.org\/{rel}","templated":true}]}}