{"id":20663,"date":"2022-03-08T16:12:11","date_gmt":"2022-03-08T15:12:11","guid":{"rendered":"https:\/\/www.diocesidiroma.it\/camminosinodale\/?p=20663"},"modified":"2022-03-10T10:00:52","modified_gmt":"2022-03-10T09:00:52","slug":"lascolto-verso-chi-e-lontano","status":"publish","type":"post","link":"https:\/\/www.diocesidiroma.it\/camminosinodale\/index.php\/lascolto-verso-chi-e-lontano\/","title":{"rendered":"L&#8217;ascolto di tutti da vivere in Quaresima"},"content":{"rendered":"<p>\u00abL\u2019elemosina pi\u00f9 bella \u00e8 sedersi ad ascoltare le persone. Un colloquio apre il cuore, pu\u00f2 rigenerare l\u2019anima. Quando ascolto nella pace, la pace entra nell\u2019intimo di chi mi parla. Un bene fatto bene: nessuno diventa famoso perch\u00e9 ascolta in silenzio qualcuno per mezz\u2019ora, un\u2019ora. Che grande elemosina! Che esercizio di gratuit\u00e0! Ascoltare senza pensare a cosa dovr\u00f2 fare dopo, come se tutto si giocasse l\u00ec, con quel fratello, in quel momento\u00bb. Queste parole del cardinale <strong>Angelo De Donatis<\/strong> sono di ispirazione per il cammino sinodale di ascolto, in particolare in questo tempo di Quaresima. <\/p>\n<p><a href=\"https:\/\/www.diocesidiroma.it\/camminosinodale\/archivio\/2022\/diocesi\/Il_sussidio_per_il_cammino_sinodale_in_Quaresima_doc_1024.pdf\" rel=\"noopener\" target=\"_blank\">Il sussidio<\/a> e <a href=\"https:\/\/www.diocesidiroma.it\/camminosinodale\/archivio\/2022\/diocesi\/La_proposta_di_ritiro_di_Quaresima_nel_cammino_sinodale_doc_1025.pdf\" rel=\"noopener\" target=\"_blank\">le schede<\/a> aiuteranno nell\u2019intraprendere questo tipo di ascolto. Il primo passo da compiere \u00e8 quello di intercettare alcune persone che si incontrano negli ambienti di vita e di lavoro, dai colleghi ai vicini di casa. Quindi, \u00abscegliere alcuni di loro con cui si ha un minimo di conoscenza e di dialogo\u00bb e \u00abchiedere in modo informale come stanno, com\u2019\u00e8 il loro rapporto con Dio, cosa si aspettano dalla Chiesa\u00bb. Sar\u00e0 bene poi trascrivere una sintesi del dialogo, ed evidenziarne i punti salienti; lo scritto sar\u00e0 poi da consegnare ai sacerdoti della parrocchia o all\u2019\u00e9quipe pastorale.<\/p>\n<p>Un percorso che segue quello delle domeniche di Quaresima, sulla via <strong>della conversione e della riscoperta della Misericordia<\/strong>. \u00abInsistiamo nel chiedere al Signore la capacit\u00e0 di metterci in ascolto degli altri \u2013 sottolineano dall\u2019\u00e9quipe sinodale \u2013 aprendoci alle sorprese di Dio, con chi vorr\u00e0 farci incontrare, ma anche provando a pensare ad alcune persone che potremmo avvicinare per domandare loro come stanno, qual \u00e8 il loro rapporto con Dio e cosa si aspettano dalla Chiesa. Non dobbiamo avere la pretesa di incontrare chiss\u00e0 quante persone, forse saranno quattro o cinque nell\u2019arco della Quaresima, ma vorremmo che siano incontri veri, che noi prepariamo nella preghiera di questa prima settimana. Non sappiamo chi, quanti, come, ma intanto affidiamo a Dio chi Lui vorr\u00e0 affidarci\u00bb.<\/p>\n<p>8 marzo 2022<\/p>\n","protected":false},"excerpt":{"rendered":"<p>\u00abL\u2019elemosina pi\u00f9 bella \u00e8 sedersi ad ascoltare le persone. Un colloquio apre il cuore, pu\u00f2 rigenerare l\u2019anima. Quando ascolto nella pace, la pace entra nell\u2019intimo di chi mi parla. Un bene fatto bene: nessuno diventa famoso perch\u00e9 ascolta in silenzio qualcuno per mezz\u2019ora, un\u2019ora. Che grande elemosina! Che esercizio di gratuit\u00e0! Ascoltare senza pensare a [&hellip;]<\/p>\n","protected":false},"author":14,"featured_media":20665,"comment_status":"closed","ping_status":"closed","sticky":false,"template":"","format":"standard","meta":{"footnotes":""},"categories":[914],"tags":[896],"class_list":["post-20663","post","type-post","status-publish","format-standard","has-post-thumbnail","hentry","category-cammino_sinodale-21-22","tag-apertura-1"],"_links":{"self":[{"href":"https:\/\/www.diocesidiroma.it\/camminosinodale\/index.php\/wp-json\/wp\/v2\/posts\/20663","targetHints":{"allow":["GET"]}}],"collection":[{"href":"https:\/\/www.diocesidiroma.it\/camminosinodale\/index.php\/wp-json\/wp\/v2\/posts"}],"about":[{"href":"https:\/\/www.diocesidiroma.it\/camminosinodale\/index.php\/wp-json\/wp\/v2\/types\/post"}],"author":[{"embeddable":true,"href":"https:\/\/www.diocesidiroma.it\/camminosinodale\/index.php\/wp-json\/wp\/v2\/users\/14"}],"replies":[{"embeddable":true,"href":"https:\/\/www.diocesidiroma.it\/camminosinodale\/index.php\/wp-json\/wp\/v2\/comments?post=20663"}],"version-history":[{"count":0,"href":"https:\/\/www.diocesidiroma.it\/camminosinodale\/index.php\/wp-json\/wp\/v2\/posts\/20663\/revisions"}],"wp:featuredmedia":[{"embeddable":true,"href":"https:\/\/www.diocesidiroma.it\/camminosinodale\/index.php\/wp-json\/wp\/v2\/media\/20665"}],"wp:attachment":[{"href":"https:\/\/www.diocesidiroma.it\/camminosinodale\/index.php\/wp-json\/wp\/v2\/media?parent=20663"}],"wp:term":[{"taxonomy":"category","embeddable":true,"href":"https:\/\/www.diocesidiroma.it\/camminosinodale\/index.php\/wp-json\/wp\/v2\/categories?post=20663"},{"taxonomy":"post_tag","embeddable":true,"href":"https:\/\/www.diocesidiroma.it\/camminosinodale\/index.php\/wp-json\/wp\/v2\/tags?post=20663"}],"curies":[{"name":"wp","href":"https:\/\/api.w.org\/{rel}","templated":true}]}}