{"id":20676,"date":"2022-03-12T09:34:09","date_gmt":"2022-03-12T08:34:09","guid":{"rendered":"https:\/\/www.diocesidiroma.it\/camminosinodale\/?p=20676"},"modified":"2022-03-21T11:09:56","modified_gmt":"2022-03-21T10:09:56","slug":"lascolto-degli-indifferenti-al-centro-dellincontro-formativo-di-sabato-12","status":"publish","type":"post","link":"https:\/\/www.diocesidiroma.it\/camminosinodale\/index.php\/lascolto-degli-indifferenti-al-centro-dellincontro-formativo-di-sabato-12\/","title":{"rendered":"L\u2019ascolto degli indifferenti al centro dell\u2019incontro formativo di sabato 12"},"content":{"rendered":"<p>Il quinto incontro formativo per i fedeli, le \u00e9quipe pastorali e per i gruppi in cammino sinodale, si \u00e8 tenuto <strong>sabato 12 marzo 2022<\/strong>, dalle 10 alle 11.<\/p>\n<p>La trasmissione \u00e8 condotta da don <strong>Stefano Cascio<\/strong> e verte sull\u2019ascolto degli \u201cindifferenti\u201d. Il confronto in studio \u00e8 animato da alcuni operatori dell\u2019ambiente scolastico e della catechesi, come <strong>Sergio Ventura<\/strong>, insegnante di religione al liceo classico Torquato Tasso e membro dell\u2019\u00e9quipe sinodale diocesana. Inoltre don <strong>Fabio Rosini<\/strong>, a partire dai contenuti emersi, offre una riflessione biblica sul tema.<\/p>\n<p>Saranno date inoltre ulteriori informazioni sulle modalit\u00e0 per l&#8217;ascolto di tutti. Il cardinale vicario <strong>Angelo De Donatis<\/strong> ci ricorda infatti che: \u00abIn questa prima Quaresima del cammino sinodale siamo invitati in particolare a chiedere a Dio il dono dell\u2019ascolto di tutti\u00bb.<\/p>\n<p>10 marzo 2022<\/p>\n","protected":false},"excerpt":{"rendered":"<p>Il quinto incontro formativo per i fedeli, le \u00e9quipe pastorali e per i gruppi in cammino sinodale, si \u00e8 tenuto sabato 12 marzo 2022, dalle 10 alle 11. La trasmissione \u00e8 condotta da don Stefano Cascio e verte sull\u2019ascolto degli \u201cindifferenti\u201d. Il confronto in studio \u00e8 animato da alcuni operatori dell\u2019ambiente scolastico e della catechesi, [&hellip;]<\/p>\n","protected":false},"author":14,"featured_media":20728,"comment_status":"closed","ping_status":"closed","sticky":false,"template":"","format":"video","meta":{"footnotes":""},"categories":[914,924],"tags":[896],"class_list":["post-20676","post","type-post","status-publish","format-video","has-post-thumbnail","hentry","category-cammino_sinodale-21-22","category-formazione-21-22","tag-apertura-1","post_format-post-format-video"],"_links":{"self":[{"href":"https:\/\/www.diocesidiroma.it\/camminosinodale\/index.php\/wp-json\/wp\/v2\/posts\/20676","targetHints":{"allow":["GET"]}}],"collection":[{"href":"https:\/\/www.diocesidiroma.it\/camminosinodale\/index.php\/wp-json\/wp\/v2\/posts"}],"about":[{"href":"https:\/\/www.diocesidiroma.it\/camminosinodale\/index.php\/wp-json\/wp\/v2\/types\/post"}],"author":[{"embeddable":true,"href":"https:\/\/www.diocesidiroma.it\/camminosinodale\/index.php\/wp-json\/wp\/v2\/users\/14"}],"replies":[{"embeddable":true,"href":"https:\/\/www.diocesidiroma.it\/camminosinodale\/index.php\/wp-json\/wp\/v2\/comments?post=20676"}],"version-history":[{"count":0,"href":"https:\/\/www.diocesidiroma.it\/camminosinodale\/index.php\/wp-json\/wp\/v2\/posts\/20676\/revisions"}],"wp:featuredmedia":[{"embeddable":true,"href":"https:\/\/www.diocesidiroma.it\/camminosinodale\/index.php\/wp-json\/wp\/v2\/media\/20728"}],"wp:attachment":[{"href":"https:\/\/www.diocesidiroma.it\/camminosinodale\/index.php\/wp-json\/wp\/v2\/media?parent=20676"}],"wp:term":[{"taxonomy":"category","embeddable":true,"href":"https:\/\/www.diocesidiroma.it\/camminosinodale\/index.php\/wp-json\/wp\/v2\/categories?post=20676"},{"taxonomy":"post_tag","embeddable":true,"href":"https:\/\/www.diocesidiroma.it\/camminosinodale\/index.php\/wp-json\/wp\/v2\/tags?post=20676"}],"curies":[{"name":"wp","href":"https:\/\/api.w.org\/{rel}","templated":true}]}}