{"id":20732,"date":"2022-03-14T13:15:29","date_gmt":"2022-03-14T12:15:29","guid":{"rendered":"https:\/\/www.diocesidiroma.it\/camminosinodale\/?p=20732"},"modified":"2022-03-14T13:15:29","modified_gmt":"2022-03-14T12:15:29","slug":"preghiera-per-il-cammino-sinodale-con-frere-alois-di-taize","status":"publish","type":"post","link":"https:\/\/www.diocesidiroma.it\/camminosinodale\/index.php\/preghiera-per-il-cammino-sinodale-con-frere-alois-di-taize\/","title":{"rendered":"Preghiera per il cammino sinodale con fr\u00e8re Alois di Taiz\u00e9"},"content":{"rendered":"<p>Una speciale preghiera per il cammino sinodale animata dai fratelli della <strong>Comunit\u00e0 di Taiz\u00e8<\/strong> e dal priore <strong>fr\u00e8re Alois<\/strong>, si svolger\u00e0 presso la chiesa parrocchiale di <strong>Santa Maria in Campitelli<\/strong> a Roma marted\u00ec 22 marzo ore 21. Un momento di ascolto della Parola e di preghiera comune con alcuni rappresentanti della Chiese sorelle. Si soster\u00e0 al termine della preghiera per un ascolto reciproco soprattutto dei giovani intervenuti.<\/p>\n<p>Nel suo intervento alla vigilia dell\u2019inaugurazione del cammino sinodale lo scorso 8 ottobre, fr\u00e8re. Alois ebbe ad affermare: \u00abAll\u2019interno della stessa Chiesa cattolica, il sinodo porter\u00e0 alla luce grandi diversit\u00e0. Queste saranno tanto pi\u00f9 fruttuose se allo stesso tempo si approfondir\u00e0 la ricerca della comunione. Non per evitare o nascondere i conflitti, ma per alimentare un dialogo che riconcili. Per favorire questo, mi sembra auspicabile che ci siano, nel cammino sinodale, momenti di respiro, come delle soste, per celebrare l\u2019unit\u00e0 gi\u00e0 realizzata in Cristo e renderla visibile\u00bb.<\/p>\n<p>14 marzo 2022<\/p>\n","protected":false},"excerpt":{"rendered":"<p>Una speciale preghiera per il cammino sinodale animata dai fratelli della Comunit\u00e0 di Taiz\u00e8 e dal priore fr\u00e8re Alois, si svolger\u00e0 presso la chiesa parrocchiale di Santa Maria in Campitelli a Roma marted\u00ec 22 marzo ore 21. Un momento di ascolto della Parola e di preghiera comune con alcuni rappresentanti della Chiese sorelle. Si soster\u00e0 [&hellip;]<\/p>\n","protected":false},"author":14,"featured_media":20733,"comment_status":"closed","ping_status":"closed","sticky":false,"template":"","format":"standard","meta":{"footnotes":""},"categories":[914],"tags":[741],"class_list":["post-20732","post","type-post","status-publish","format-standard","has-post-thumbnail","hentry","category-cammino_sinodale-21-22","tag-vetrina2"],"_links":{"self":[{"href":"https:\/\/www.diocesidiroma.it\/camminosinodale\/index.php\/wp-json\/wp\/v2\/posts\/20732","targetHints":{"allow":["GET"]}}],"collection":[{"href":"https:\/\/www.diocesidiroma.it\/camminosinodale\/index.php\/wp-json\/wp\/v2\/posts"}],"about":[{"href":"https:\/\/www.diocesidiroma.it\/camminosinodale\/index.php\/wp-json\/wp\/v2\/types\/post"}],"author":[{"embeddable":true,"href":"https:\/\/www.diocesidiroma.it\/camminosinodale\/index.php\/wp-json\/wp\/v2\/users\/14"}],"replies":[{"embeddable":true,"href":"https:\/\/www.diocesidiroma.it\/camminosinodale\/index.php\/wp-json\/wp\/v2\/comments?post=20732"}],"version-history":[{"count":0,"href":"https:\/\/www.diocesidiroma.it\/camminosinodale\/index.php\/wp-json\/wp\/v2\/posts\/20732\/revisions"}],"wp:featuredmedia":[{"embeddable":true,"href":"https:\/\/www.diocesidiroma.it\/camminosinodale\/index.php\/wp-json\/wp\/v2\/media\/20733"}],"wp:attachment":[{"href":"https:\/\/www.diocesidiroma.it\/camminosinodale\/index.php\/wp-json\/wp\/v2\/media?parent=20732"}],"wp:term":[{"taxonomy":"category","embeddable":true,"href":"https:\/\/www.diocesidiroma.it\/camminosinodale\/index.php\/wp-json\/wp\/v2\/categories?post=20732"},{"taxonomy":"post_tag","embeddable":true,"href":"https:\/\/www.diocesidiroma.it\/camminosinodale\/index.php\/wp-json\/wp\/v2\/tags?post=20732"}],"curies":[{"name":"wp","href":"https:\/\/api.w.org\/{rel}","templated":true}]}}