{"id":20838,"date":"2022-03-21T10:14:36","date_gmt":"2022-03-21T09:14:36","guid":{"rendered":"https:\/\/www.diocesidiroma.it\/camminosinodale\/?p=20838"},"modified":"2022-03-21T10:15:24","modified_gmt":"2022-03-21T09:15:24","slug":"il-cammino-sinodale-tra-parrocchie-comunita-e-associazioni","status":"publish","type":"post","link":"https:\/\/www.diocesidiroma.it\/camminosinodale\/index.php\/il-cammino-sinodale-tra-parrocchie-comunita-e-associazioni\/","title":{"rendered":"Il cammino sinodale tra parrocchie, comunit\u00e0 e associazioni"},"content":{"rendered":"<p><em>di Michela Altoviti da Roma Sette<\/em><\/p>\n<p>Pi\u00f9 volte Papa Francesco ha sottolineato come il cammino sinodale non sia \u2013 e non debba essere \u2013 \u00abuna convention ecclesiale o un convegno di studi\u00bb ma \u00abun cammino di discernimento spirituale, che si fa nell\u2019adorazione, nella preghiera, a contatto con la Parola di Dio\u00bb. Proprio alla luce di questo monito l\u2019<strong>Azione cattolica diocesana<\/strong>, che \u00ablo scorso gennaio ha ricevuto dal cardinale vicario un mandato di preghiera di intercessione per il Sinodo con altre aggregazioni laicali\u00bb, si \u00e8 interrogata su \u00abcome essere parte attiva e corresponsabile di questo cammino condiviso della Chiesa\u00bb, riconoscendo nella \u00abpreghiera la base della nostra vita cristiana\u00bb. A dirlo \u00e8 <strong>Marco Di Tommasi<\/strong>, presidente dell\u2019Ac di Roma, spiegando come \u00ababbiamo voluto non tanto creare qualcosa di nuovo per questo tempo ma invece legare ad una particolare intenzione la preghiera \u201cAdoro il luned\u00ec\u201d, che ci caratterizza nella quotidianit\u00e0 della nostra testimonianza e che diventer\u00e0 all\u2019inizio di ogni settimana una intercessione per il Sinodo nella ferialit\u00e0 della nostra vita\u00bb. Impaginata e stampata in molte copie, a mo\u2019 di segnalibro, \u00abla preghiera \u00e8 un piccolo segno che mettiamo a disposizione di tutti e pu\u00f2 essere ritirata in centro diocesano\u00bb, dice ancora Di Tommasi.<\/p>\n<p>La dimensione feriale e del quotidiano \u00e8 ci\u00f2 che caratterizza anche la proposta di preghiera promossa dai frati francescani dell\u2019<strong>Ordine dei frati minori del convento di San Bonaventura al Palatino<\/strong>, nel cuore di Roma, a due passi dal Colosseo. \u00abSi chiama<strong> \u201cCasaPalatino\u201d<\/strong> l\u2019appuntamento settimanale di adorazione eucaristica e di riflessione sulla Parola della domenica che prevede anche un momento di fraternit\u00e0 e che \u00e8 rivolto ai giovani dai 18 ai 35 anni \u2013 dice fra <strong>Francesco Di Pede<\/strong>, della Provincia Abruzzo-Lazio e responsabile della Pastorale giovanile per la zona di Roma \u2013. Nata durante il primo lockdown per rispondere ad un bisogno dei pi\u00f9 giovani, \u00e8 diventata una tappa fissa di preghiera ogni venerd\u00ec sera, alle 19\u00bb. \u00c8 in particolare \u00abil secondo venerd\u00ec del mese quello dedicato alla speciale intercessione per il cammino sinodale\u00bb, sono ancora le parole del religioso, che sottolinea come \u00absi tratta di pregare \u201ccon\u201d i giovani e non \u201cper\u201d i giovani\u00bb.<\/p>\n<p>Anche la parrocchia di <strong>San Frumenzio ai Prati Fiscali<\/strong> ha scelto di far vivere un\u2019esperienza sinodale ai pi\u00f9 giovani della comunit\u00e0, realizzando un\u2019occasione di ascolto \u00abdei ragazzi dalla prima media alla quinta superiore\u00bb, spiega il parroco don <strong>Daniele Salera<\/strong>. Lo scorso 19 febbraio negli spazi del Seminario Maggiore ha avuto infatti luogo \u00abuna speciale assemblea sinodale parrocchiale dedicata ai pi\u00f9 giovani\u00bb, che attraverso attivit\u00e0 strutturate, momenti di gioco ma anche di riflessione e condivisione \u00abha permesso a noi educatori di metterci in ascolto dei loro stati d\u2019animo e del loro sentire\u00bb. Forte il segnale che i giovani hanno lanciato, \u00abun\u2019istanza che ci chiede di essere ascoltata \u2013 mette in luce don Salera \u2013 perch\u00e9 dai loro elaborati, oltre ai temi ricorrenti quali amicizia e pandemia, emerge una forte tendenza alla sofferenza e alla paura del futuro, legata e associata per lo pi\u00f9 ad una visione cupa, come qualcosa che mette loro inquietudine e foriera di incertezza e instabilit\u00e0\u00bb.<\/p>\n<p>Sempre i pi\u00f9 giovani, ma questa volta i bambini e i ragazzi che si stanno preparando alla Prima Comunione e alla cresima, sono stati i protagonisti di un percorso sinodale dedicato realizzato dalla parrocchia del<strong> Santo Volto di Ges\u00f9<\/strong>, nel quartiere Magliana. \u00abPonendo loro tre domande in occasione dello scorso ritiro di Avvento \u2013 racconta il parroco don <strong>Anthony Galea<\/strong> \u2013 ho chiesto di rispondere con dei disegni, spiegando come si sentano in questo momento, come immaginano Dio e come pensano alla Chiesa\u00bb. Le stesse domande sono state rivolte \u00abanche ai loro genitori, per innescare un\u2019occasione di condivisione\u00bb, dice ancora il sacerdote, che ha raccolto e condiviso online tutti i risultati ottenuti, cercando cos\u00ec di \u00abvivere il cammino sinodale con quei lontani che a volte abbiamo pi\u00f9 vicini, perch\u00e9 magari frequentano la parrocchia solo in occasione della preparazione ai La preghiera a CasaPalatino Sacramenti dei figli\u00bb.<\/p>\n<p>21 marzo 2022<\/p>\n","protected":false},"excerpt":{"rendered":"<p>di Michela Altoviti da Roma Sette Pi\u00f9 volte Papa Francesco ha sottolineato come il cammino sinodale non sia \u2013 e non debba essere \u2013 \u00abuna convention ecclesiale o un convegno di studi\u00bb ma \u00abun cammino di discernimento spirituale, che si fa nell\u2019adorazione, nella preghiera, a contatto con la Parola di Dio\u00bb. Proprio alla luce di [&hellip;]<\/p>\n","protected":false},"author":14,"featured_media":20839,"comment_status":"closed","ping_status":"closed","sticky":false,"template":"","format":"standard","meta":{"footnotes":""},"categories":[914],"tags":[741],"class_list":["post-20838","post","type-post","status-publish","format-standard","has-post-thumbnail","hentry","category-cammino_sinodale-21-22","tag-vetrina2"],"_links":{"self":[{"href":"https:\/\/www.diocesidiroma.it\/camminosinodale\/index.php\/wp-json\/wp\/v2\/posts\/20838","targetHints":{"allow":["GET"]}}],"collection":[{"href":"https:\/\/www.diocesidiroma.it\/camminosinodale\/index.php\/wp-json\/wp\/v2\/posts"}],"about":[{"href":"https:\/\/www.diocesidiroma.it\/camminosinodale\/index.php\/wp-json\/wp\/v2\/types\/post"}],"author":[{"embeddable":true,"href":"https:\/\/www.diocesidiroma.it\/camminosinodale\/index.php\/wp-json\/wp\/v2\/users\/14"}],"replies":[{"embeddable":true,"href":"https:\/\/www.diocesidiroma.it\/camminosinodale\/index.php\/wp-json\/wp\/v2\/comments?post=20838"}],"version-history":[{"count":0,"href":"https:\/\/www.diocesidiroma.it\/camminosinodale\/index.php\/wp-json\/wp\/v2\/posts\/20838\/revisions"}],"wp:featuredmedia":[{"embeddable":true,"href":"https:\/\/www.diocesidiroma.it\/camminosinodale\/index.php\/wp-json\/wp\/v2\/media\/20839"}],"wp:attachment":[{"href":"https:\/\/www.diocesidiroma.it\/camminosinodale\/index.php\/wp-json\/wp\/v2\/media?parent=20838"}],"wp:term":[{"taxonomy":"category","embeddable":true,"href":"https:\/\/www.diocesidiroma.it\/camminosinodale\/index.php\/wp-json\/wp\/v2\/categories?post=20838"},{"taxonomy":"post_tag","embeddable":true,"href":"https:\/\/www.diocesidiroma.it\/camminosinodale\/index.php\/wp-json\/wp\/v2\/tags?post=20838"}],"curies":[{"name":"wp","href":"https:\/\/api.w.org\/{rel}","templated":true}]}}