{"id":20923,"date":"2022-03-23T11:52:24","date_gmt":"2022-03-23T10:52:24","guid":{"rendered":"https:\/\/www.diocesidiroma.it\/camminosinodale\/?p=20923"},"modified":"2022-03-23T11:52:24","modified_gmt":"2022-03-23T10:52:24","slug":"fr-alois-di-taize-lamore-di-cristo-avra-lultima-parola","status":"publish","type":"post","link":"https:\/\/www.diocesidiroma.it\/camminosinodale\/index.php\/fr-alois-di-taize-lamore-di-cristo-avra-lultima-parola\/","title":{"rendered":"Fr. Alois di Taiz\u00e9: \u00abL\u2019amore di Cristo avr\u00e0 l\u2019ultima parola\u00bb"},"content":{"rendered":"<p>Una preghiera per la pace e per il cammino sinodale si \u00e8 svolta nella chiesa di <strong>Santa Maria in Portico in Campitelli<\/strong>, animata dalla <strong>Comunit\u00e0 di Taiz\u00e9 e dal priore Fr. Alois<\/strong>, in questi giorni in visita a Roma dopo gli anni difficili della pandemia. Erano presenti anche alcune rappresentanze della Chiesa ortodossa e alcuni giovani della Chiesa riformata accompagnati da monsignor Marco Gnavi, delegato della diocesi di Roma per l\u2019Ecumenismo e il dialogo.<\/p>\n<p>I canoni, brevi espressioni meditative in canto, la Parola di Dio nelle diverse lingue, la Croce di Taiz\u00e9, posta al centro per la comune adorazione, sulla quale ognuno ha posto il capo, insieme alle comuni domande e speranze. \u00abAbbiamo cantato dona la pace Signore! Preghiamo per la pace! Abbiamo anche cantato parole pi\u00f9 difficili in questo momento: beati voi poveri\u00bb, ha ricordato Fr. Alois nella breve meditazione pronunciata a braccio. \u00abRiceviamo messaggi dall\u2019Ucraina e dalla Russia \u2013 ha aggiunto \u2013 e si vedono, in questa situazione impossibile e di male, alcuni segni di speranza da sostenere con la nostra preghiera, certi che l\u2019amore di Cristo avr\u00e0 l\u2019ultima parola\u00bb.<\/p>\n<p>Raccontando l\u2019incontro con Papa Francesco, che lo ha ricevuto in udienza, ha testimoniato il momento di silenzio comune davanti alla tragedia della guerra in atto: \u00ab\u00c8 il silenzio della preghiera, a raggiungere la gente che soffre\u00bb. Poi con il Papa Fr. Alois ha parlato del sinodo: \u00abChe viene in un momento cruciale. Siamo consapevoli di essere tutti legati gli uni agli altri con l\u2019umanit\u00e0 e con l\u2019intera creazione. Nello stesso tempo, esistono alcune polarizzazioni a livello sociale, politico, etico. Questo causa divisioni nella societ\u00e0, tra i Paesi, nelle famiglie e nelle nostre Chiese. Il sinodo, allora potr\u00e0 essere un momento di unit\u00e0\u00bb. Il priore di Taiz\u00e9, ha affermato di condividere con il Papa un sogno: \u00abUn grande raduno non solo con i delegati del sinodo, ma con il popolo di Dio e con i fratelli delle altre Chiese. Un momento di preghiera e di raduno, come un respiro, per celebrare l\u2019unit\u00e0 gi\u00e0 compiuta in Cristo. In effetti: Non siamo noi a fare l\u2019unit\u00e0, ma dobbiamo ricevere l\u2019unit\u00e0 di Cristo in una preghiera comune\u00bb. E ha concluso auspicando un incontro di preghiera a Roma e contemporaneamente in altre parti del mondo. <\/p>\n<p>23 marzo 2022<\/p>\n","protected":false},"excerpt":{"rendered":"<p>Una preghiera per la pace e per il cammino sinodale si \u00e8 svolta nella chiesa di Santa Maria in Portico in Campitelli, animata dalla Comunit\u00e0 di Taiz\u00e9 e dal priore Fr. Alois, in questi giorni in visita a Roma dopo gli anni difficili della pandemia. Erano presenti anche alcune rappresentanze della Chiesa ortodossa e alcuni [&hellip;]<\/p>\n","protected":false},"author":14,"featured_media":20924,"comment_status":"closed","ping_status":"closed","sticky":false,"template":"","format":"standard","meta":{"footnotes":""},"categories":[914],"tags":[741],"class_list":["post-20923","post","type-post","status-publish","format-standard","has-post-thumbnail","hentry","category-cammino_sinodale-21-22","tag-vetrina2"],"_links":{"self":[{"href":"https:\/\/www.diocesidiroma.it\/camminosinodale\/index.php\/wp-json\/wp\/v2\/posts\/20923","targetHints":{"allow":["GET"]}}],"collection":[{"href":"https:\/\/www.diocesidiroma.it\/camminosinodale\/index.php\/wp-json\/wp\/v2\/posts"}],"about":[{"href":"https:\/\/www.diocesidiroma.it\/camminosinodale\/index.php\/wp-json\/wp\/v2\/types\/post"}],"author":[{"embeddable":true,"href":"https:\/\/www.diocesidiroma.it\/camminosinodale\/index.php\/wp-json\/wp\/v2\/users\/14"}],"replies":[{"embeddable":true,"href":"https:\/\/www.diocesidiroma.it\/camminosinodale\/index.php\/wp-json\/wp\/v2\/comments?post=20923"}],"version-history":[{"count":0,"href":"https:\/\/www.diocesidiroma.it\/camminosinodale\/index.php\/wp-json\/wp\/v2\/posts\/20923\/revisions"}],"wp:featuredmedia":[{"embeddable":true,"href":"https:\/\/www.diocesidiroma.it\/camminosinodale\/index.php\/wp-json\/wp\/v2\/media\/20924"}],"wp:attachment":[{"href":"https:\/\/www.diocesidiroma.it\/camminosinodale\/index.php\/wp-json\/wp\/v2\/media?parent=20923"}],"wp:term":[{"taxonomy":"category","embeddable":true,"href":"https:\/\/www.diocesidiroma.it\/camminosinodale\/index.php\/wp-json\/wp\/v2\/categories?post=20923"},{"taxonomy":"post_tag","embeddable":true,"href":"https:\/\/www.diocesidiroma.it\/camminosinodale\/index.php\/wp-json\/wp\/v2\/tags?post=20923"}],"curies":[{"name":"wp","href":"https:\/\/api.w.org\/{rel}","templated":true}]}}