{"id":21035,"date":"2022-04-06T12:52:24","date_gmt":"2022-04-06T10:52:24","guid":{"rendered":"https:\/\/www.diocesidiroma.it\/camminosinodale\/?p=21035"},"modified":"2022-04-07T07:51:46","modified_gmt":"2022-04-07T05:51:46","slug":"il-tavolo-di-ascolto-sinodale-su-pellegrinaggi-e-turismo","status":"publish","type":"post","link":"https:\/\/www.diocesidiroma.it\/camminosinodale\/index.php\/il-tavolo-di-ascolto-sinodale-su-pellegrinaggi-e-turismo\/","title":{"rendered":"Il tavolo di ascolto sinodale su pellegrinaggi e turismo"},"content":{"rendered":"<p>In un momento in cui la Chiesa \u00e8 impegnata nel cammino sinodale dedicato all\u2019ascolto, la diocesi di Roma non dimentica di ascoltare una categoria importantissima per una citt\u00e0 cos\u00ec ricca di storia, arte, archeologia: gli<strong> operatori del turismo e dei pellegrinaggi<\/strong>. Questa mattina, mercoled\u00ec 6 aprile, dalle 9 alle 12, si sono dunque ritrovati nell\u2019Aula della Conciliazione del Palazzo Lateranense rappresentanti delle categorie \u2013 Federturismo, Federalberghi, Z\u00e8tema Progetto Cultura, Fiavet, Fondazione Ferrovie dello Stato, Enit, Unindustria, Touring Club \u2013 insieme all\u2019<strong>Opera Romana Pellegrinaggi<\/strong>, a membri delle istituzioni \u2013 Comune di Roma, Camera di Commercio, Fondo Edifici di Culto \u2013, tra cui il<strong> ministro del Turismo Massimo Garavaglia<\/strong>, ed esponenti ecclesiali. Una mattinata di dialogo fecondo e proficuo, che \u00e8 stata anche l\u2019occasione per parlare dell\u2019avvicinamento al Giubileo del 2025.<\/p>\n<p>\u00abPapa Francesco, il 10 ottobre scorso, ha aperto solennemente il cammino sinodale che condurr\u00e0 la Chiesa universale alla celebrazione del Sinodo dei vescovi del 2023, che precede e prepara provvidenzialmente il Giubileo del 2025\u00bb, ha sottolineato il cardinale vicario<strong> Angelo De Donatis<\/strong>, che ha aperto i lavori e dato il benvenuto ai partecipanti. \u00abNon si tratta solo di un evento assembleare, ma di un processo per tappe teso a rinnovare la Chiesa. La Chiesa sinodale \u00e8 infatti una Chiesa che non ha paura di spalancare le sue porte e uscire per incontrare gli uomini e le donne del nostro tempo l\u00ec dove vivono, lottano e sperano. Una Chiesa che prima di predicare, insegnare e discernere, si mette in ascolto: in ascolto di tutti, dei credenti, degli indifferenti e dei non credenti\u00bb.<\/p>\n<p>Per l\u2019arcivescovo<strong> Rino Fisichella<\/strong>, presidente del Pontificio Consiglio per la promozione della nuova evangelizzazione, \u00abil modo in cui si viaggia si venuto a modificare negli ultimi anni. Il pellegrino diventa sempre pi\u00f9 turista e il turista pellegrino. Arrivano sempre meno gruppi organizzati e sempre pi\u00f9 persone singole. Dobbiamo quindi pensare a un\u2019accoglienza valida sia per gli uni che per gli altri\u00bb. Si inserisce tra questi cambiamenti la riscoperta dei cammini, che attraggono un numero sempre maggiore di viaggiatori: \u00abIl mettersi in cammino \u2013 ha spiegato l\u2019arcivescovo FISICHELLA \u2013 \u00e8 un\u2019esperienza che aggrega; vivere il territorio camminando favorisce lo scambio e l\u2019incontro. In vista del Giubileo bisogna puntare a valorizzare il tratto da Castel Sant\u2019Angelo alla Porta Santa\u00bb.<\/p>\n<p>Ha invitato a \u00absviluppare le potenzialit\u00e0 dei cammini\u00bb anche il ministro Garavaglia, come pure a \u00abpuntare sul digitale\u00bb. \u00abIl Giubileo pu\u00f2 essere una grande opportunit\u00e0 di sviluppo della citt\u00e0 di Roma ma anche di tutta l\u2019Italia. Abbiamo enormi potenzialit\u00e0 e il Giubileo potr\u00e0 essere anche l\u2019occasione per recuperare quote di mercato\u00bb, ha detto, invitando a pensare a \u00abuna piattaforma che sia fruibile nel modo pi\u00f9 semplice possibile dai pellegrini\u00bb.<\/p>\n<p>\u00abIl mondo del turismo, cos\u00ec presente a Roma, ha vissuto grandi criticit\u00e0 e sofferenze in questi ultimi due anni, a causa della pandemia \u2013 ha evidenziato monsignor <strong>Remo Chiavarini<\/strong>, amministratore delegato dell\u2019Opera Romana Pellegrinaggi \u2013. Quello di oggi \u00e8 stato un confronto sereno, che non \u00e8 servito per piangersi addosso, ma al contrario per prendere un po\u2019 di forza per ripartire, con speranza, guardando al Giubileo del 2025. L\u2019Opera Romana sta lavorando affinch\u00e9 Roma possa essere polo di attrazione non solo grazie alle basiliche, ma con tutte le sue ricchezze. In vista del Giubileo stiamo rilanciando infatti gli itinerari romani sulle orme dei santi Pietro e Paolo, con il Carcere Mamertino, la basilica di Santa Maria in Via Lata, la basilica di Santa Pudenziana, dove risiedeva il senatore Pudente di cui si parla nella lettera a Timoteo, o ancora gli scavi sotto la basilica di San Marco Evangelista\u00bb.<\/p>\n<p>6 aprile 2022<\/p>\n","protected":false},"excerpt":{"rendered":"<p>In un momento in cui la Chiesa \u00e8 impegnata nel cammino sinodale dedicato all\u2019ascolto, la diocesi di Roma non dimentica di ascoltare una categoria importantissima per una citt\u00e0 cos\u00ec ricca di storia, arte, archeologia: gli operatori del turismo e dei pellegrinaggi. Questa mattina, mercoled\u00ec 6 aprile, dalle 9 alle 12, si sono dunque ritrovati nell\u2019Aula [&hellip;]<\/p>\n","protected":false},"author":14,"featured_media":21036,"comment_status":"closed","ping_status":"closed","sticky":false,"template":"","format":"standard","meta":{"footnotes":""},"categories":[914],"tags":[565],"class_list":["post-21035","post","type-post","status-publish","format-standard","has-post-thumbnail","hentry","category-cammino_sinodale-21-22","tag-apertura"],"_links":{"self":[{"href":"https:\/\/www.diocesidiroma.it\/camminosinodale\/index.php\/wp-json\/wp\/v2\/posts\/21035","targetHints":{"allow":["GET"]}}],"collection":[{"href":"https:\/\/www.diocesidiroma.it\/camminosinodale\/index.php\/wp-json\/wp\/v2\/posts"}],"about":[{"href":"https:\/\/www.diocesidiroma.it\/camminosinodale\/index.php\/wp-json\/wp\/v2\/types\/post"}],"author":[{"embeddable":true,"href":"https:\/\/www.diocesidiroma.it\/camminosinodale\/index.php\/wp-json\/wp\/v2\/users\/14"}],"replies":[{"embeddable":true,"href":"https:\/\/www.diocesidiroma.it\/camminosinodale\/index.php\/wp-json\/wp\/v2\/comments?post=21035"}],"version-history":[{"count":0,"href":"https:\/\/www.diocesidiroma.it\/camminosinodale\/index.php\/wp-json\/wp\/v2\/posts\/21035\/revisions"}],"wp:featuredmedia":[{"embeddable":true,"href":"https:\/\/www.diocesidiroma.it\/camminosinodale\/index.php\/wp-json\/wp\/v2\/media\/21036"}],"wp:attachment":[{"href":"https:\/\/www.diocesidiroma.it\/camminosinodale\/index.php\/wp-json\/wp\/v2\/media?parent=21035"}],"wp:term":[{"taxonomy":"category","embeddable":true,"href":"https:\/\/www.diocesidiroma.it\/camminosinodale\/index.php\/wp-json\/wp\/v2\/categories?post=21035"},{"taxonomy":"post_tag","embeddable":true,"href":"https:\/\/www.diocesidiroma.it\/camminosinodale\/index.php\/wp-json\/wp\/v2\/tags?post=21035"}],"curies":[{"name":"wp","href":"https:\/\/api.w.org\/{rel}","templated":true}]}}