{"id":21303,"date":"2022-05-09T08:48:34","date_gmt":"2022-05-09T06:48:34","guid":{"rendered":"https:\/\/www.diocesidiroma.it\/camminosinodale\/?p=21303"},"modified":"2022-10-07T12:15:02","modified_gmt":"2022-10-07T10:15:02","slug":"il-cammino-sinodale-nelle-carceri-romane","status":"publish","type":"post","link":"https:\/\/www.diocesidiroma.it\/camminosinodale\/index.php\/il-cammino-sinodale-nelle-carceri-romane\/","title":{"rendered":"Il cammino sinodale nelle carceri romane"},"content":{"rendered":"<p>Il cammino sinodale tocca e coinvolge anche le carceri, dove gli operatori della pastorale penitenziaria hanno svolto in questi mesi un percorso di particolare ascolto della realt\u00e0 in cui operano.<\/p>\n<p>\u00abConviene sottolineare che l\u2019attivit\u00e0 dei cappellani, delle suore e dei volontari che vivono le strutture carcerarie, dove \u00e8 visibilmente presente la sofferenza quanto meno per la mancanza della libert\u00e0 e della possibilit\u00e0 di contatto con i familiari e le figure del mondo esterno, \u00e8 sempre primariamente un\u2019attivit\u00e0 di ascolto da fare con il cuore perch\u00e9 le persone hanno bisogno di esprimersi \u2013 spiega don <strong>Marco Fibbi<\/strong>, coordinatore dei 7 cappellani del carcere di Rebibbia \u2013. Tuttavia il cammino sinodale ha motivato i diversi operatori pastorali ad una sollecitazione specifica di quelle persone che potevano risultare pi\u00f9 disponibili al dialogo e allo scambio sui temi proposti dal Sinodo\u00bb.<\/p>\n<p>Da qui il coinvolgimento \u00abdi quanti partecipano settimanalmente agli incontri di catechesi che si svolgono nei diversi reparti della struttura di detenzione \u2013 spiega ancora il sacerdote, che opera nel nuovo complesso della casa circondariale \u2013. Si tratta di piccoli gruppi se riferiti alla totalit\u00e0 del carcere e di quanti partecipano con una certa assiduit\u00e0 alla celebrazione eucaristica, ma si \u00e8 scelto di coinvolgerli per garantire una continuit\u00e0 e una sistematicit\u00e0 all\u2019attivit\u00e0 di ascolto\u00bb. Don Fibbi riscontra come durante gli incontri settimanali \u00abi partecipanti si sono mostrati disponibili e aperti nel rispondere alla domanda relativa alla loro esperienza di Chiesa, testimoniando vissuti diversi ma allo stesso tempo ricchi\u00bb. Un primo elemento comune emerso \u00e8 \u00abun\u2019esperienza di Chiesa e di fede tramandata da figure parentali \u2013 sono ancora le parole del cappellano \u2013, che riguardano soprattutto l\u2019et\u00e0 dell\u2019infanzia e dell\u2019adolescenza, cui ha fatto seguito un periodo di graduale allontanamento dalla pratica religiosa\u00bb. Nonostante la frequentazione giovanile, \u00ab\u00e8 emersa una sostanziale difficolt\u00e0 a comprendere le espressioni tipiche della pratica religiosa \u2013 continua Fibbi \u2013 tanto da chiedere un cambiamento di linguaggio perch\u00e9 sia i battezzati possano riscoprire il valore di essere cristiani, che i non battezzati possano accedere con acceso desiderio al nuovo cammino offerto\u00bb. Ad emergere \u00e8 stata poi la constatazione che \u00abla sofferenza vissuta nel carcere permette loro di fare esperienza di Dio e di sperimentare una solidariet\u00e0 nella difficolt\u00e0 \u2013 aggiunge il sacerdote \u2013. Ancora, il valore del sacramento della riconciliazione che permette di avviare il processo per cambiare lo sguardo su se stessi e vedersi con gli occhi di Dio e non con quelli della condanna\u00bb.<\/p>\n<p>Anche don <strong>Andrea Carosella<\/strong>, da luglio cappellano al carcere femminile di Rebibbia, constata come il cammino sinodale avviato negli incontri di catechesi con le detenute \u00ab\u00e8 stato accolto con piacere per il fatto di essere state coinvolte in questo processo e perch\u00e9 \u00e8 stata data importanza dalla Chiesa\u00bb. Il sacerdote riflette su come \u00abper noi che ci chiediamo come lo Spirito Santo in questo tempo in particolare ci parla \u00e8 evidente la gioia di chi sente che pu\u00f2 leggere la propria vita alla luce della misericordia di Dio\u00bb e che \u00abla Parola \u00e8 detta e letta anche per loro, per offrire una prospettiva di vita fatta di nuova fiducia\u00bb.<\/p>\n<p><strong>Chiara D\u2019Onofrio<\/strong>, membro dell\u2019\u00e9quipe sinodale e volontaria nella sezione femminile del carcere di Rebibbia dal 2018, auspica che \u00abil processo che \u00e8 stato avviato con il Sinodo possa diventare uno stile di ascolto mirato dei detenuti\u00bb, constatando anche che \u00abl\u2019input fornito dalle attivit\u00e0 del cammino sinodale ha permesso a noi che operiamo nelle carceri di focalizzarci sul camminare insieme\u00bb. La volontaria, consacrata dell\u2019Ordo Virginum, racconta che \u00abin questo tempo particolare abbiamo svolto con le ragazze un percorso sulle Beatitudini, che loro hanno affrontato con grande seriet\u00e0\u00bb. Quello che maggiormente \u00e8 emerso, \u00absia in chiave positiva che negativa \u2013 sono ancora le parole di D\u2019Onofrio \u2013, \u00e8 il bisogno manifestato di fare esperienza di relazioni autentiche e di prossimit\u00e0 da parte della Chiesa, talvolta percepita soltanto come un\u2019istituzione separata e lontana\u00bb. Ecco allora che \u00abc\u2019\u00e8 forte il bisogno e il desiderio di capire cosa sia davvero la Chiesa, anche rispetto al rapporto personale che \u00e8 possibile instaurare con Dio \u2013 continua la volontaria \u2013, che molte delle detenute riscoprono in carcere nel fermarsi a riflettere con loro stesse e perch\u00e9 messe di fronte alle proprie difficolt\u00e0, quando si riaccende quella luce che ci abita\u00bb. Infine D\u2019Onofrio riflette su come \u00abascoltare la voce delle detenute \u00e8 stato per noi mettersi in ascolto anche della societ\u00e0\u00bb, perch\u00e9 \u00abad interpellarci \u00e8 il dopo e quello che vivranno e incontreranno una volta uscite\u00bb.<br \/>\n<em><br \/>\ndi Michela Altoviti da Roma Sette<\/em><\/p>\n<p>9 maggio 2022<\/p>\n","protected":false},"excerpt":{"rendered":"<p>Il cammino sinodale tocca e coinvolge anche le carceri, dove gli operatori della pastorale penitenziaria hanno svolto in questi mesi un percorso di particolare ascolto della realt\u00e0 in cui operano. \u00abConviene sottolineare che l\u2019attivit\u00e0 dei cappellani, delle suore e dei volontari che vivono le strutture carcerarie, dove \u00e8 visibilmente presente la sofferenza quanto meno per [&hellip;]<\/p>\n","protected":false},"author":14,"featured_media":21304,"comment_status":"closed","ping_status":"closed","sticky":false,"template":"","format":"standard","meta":{"footnotes":""},"categories":[914,922],"tags":[929],"class_list":["post-21303","post","type-post","status-publish","format-standard","has-post-thumbnail","hentry","category-cammino_sinodale-21-22","category-notizie-cammino_sinodale-21-22","tag-destra-sopra"],"_links":{"self":[{"href":"https:\/\/www.diocesidiroma.it\/camminosinodale\/index.php\/wp-json\/wp\/v2\/posts\/21303","targetHints":{"allow":["GET"]}}],"collection":[{"href":"https:\/\/www.diocesidiroma.it\/camminosinodale\/index.php\/wp-json\/wp\/v2\/posts"}],"about":[{"href":"https:\/\/www.diocesidiroma.it\/camminosinodale\/index.php\/wp-json\/wp\/v2\/types\/post"}],"author":[{"embeddable":true,"href":"https:\/\/www.diocesidiroma.it\/camminosinodale\/index.php\/wp-json\/wp\/v2\/users\/14"}],"replies":[{"embeddable":true,"href":"https:\/\/www.diocesidiroma.it\/camminosinodale\/index.php\/wp-json\/wp\/v2\/comments?post=21303"}],"version-history":[{"count":0,"href":"https:\/\/www.diocesidiroma.it\/camminosinodale\/index.php\/wp-json\/wp\/v2\/posts\/21303\/revisions"}],"wp:featuredmedia":[{"embeddable":true,"href":"https:\/\/www.diocesidiroma.it\/camminosinodale\/index.php\/wp-json\/wp\/v2\/media\/21304"}],"wp:attachment":[{"href":"https:\/\/www.diocesidiroma.it\/camminosinodale\/index.php\/wp-json\/wp\/v2\/media?parent=21303"}],"wp:term":[{"taxonomy":"category","embeddable":true,"href":"https:\/\/www.diocesidiroma.it\/camminosinodale\/index.php\/wp-json\/wp\/v2\/categories?post=21303"},{"taxonomy":"post_tag","embeddable":true,"href":"https:\/\/www.diocesidiroma.it\/camminosinodale\/index.php\/wp-json\/wp\/v2\/tags?post=21303"}],"curies":[{"name":"wp","href":"https:\/\/api.w.org\/{rel}","templated":true}]}}