{"id":21634,"date":"2022-06-08T08:59:34","date_gmt":"2022-06-08T06:59:34","guid":{"rendered":"https:\/\/www.diocesidiroma.it\/camminosinodale\/?p=21634"},"modified":"2023-05-11T12:53:02","modified_gmt":"2023-05-11T10:53:02","slug":"cammino-sinodale-diocesano-ecco-i-frutti-dellascolto","status":"publish","type":"post","link":"https:\/\/www.diocesidiroma.it\/camminosinodale\/index.php\/cammino-sinodale-diocesano-ecco-i-frutti-dellascolto\/","title":{"rendered":"Cammino sinodale diocesano: ecco i frutti dell\u2019ascolto"},"content":{"rendered":"<p><strong>Il verbo \u201cripartire\u201d \u00e8<\/strong>\u00a0quello che meglio racchiude e sintetizza quanto emerso dalle attivit\u00e0 di ascolto svolte nella diocesi di Roma, su pi\u00f9 fronti e a pi\u00f9 livelli, a partire dallo scorso ottobre in occasione del cammino sinodale della Chiesa italiana. \u00abNon \u00e8 stato semplice discernere e mettere insieme quello che abbiamo ritenuto maggiormente significativo \u2013 spiegano dall\u2019\u00e9quipe sinodale diocesana, che proprio in virt\u00f9 dell\u2019esperienza di sinodalit\u00e0 vissuta nel proprio lavoro di redazione di un documento di sintesi vuole coerentemente presentare i risultati di questa prima parte di attivit\u00e0 in modo corale -. Sicuramente anche questo lavoro risulter\u00e0 ancora mancante eppure il risultato \u00e8 gi\u00e0 sentirci a un punto di ri-partenza\u00bb, perch\u00e9 \u00absentiamo che lo Spirito ci ha dato uno \u201cscossone\u201d, ci ha riaperto l\u2019orecchio, rilevando la sete di tanti nell\u2019essere veramente ascoltati\u00bb.<\/p>\n<p><strong>L\u2019ascolto vissuto nelle\u00a0<\/strong>diverse realt\u00e0 coinvolte \u2013 dalle scuole alle carceri, dagli ospedali alle comunit\u00e0 etniche \u2013 e nelle parrocchie romane, che nella quasi totalit\u00e0 hanno attivato processi di ascolto e per il 40% hanno gi\u00e0 restituito i risultati di quanto vissuto, ha fatto emergere \u00abil dato di una grande crisi di fede sia fuori che dentro alla Chiesa \u2013 sono ancora le parole degli incaricati diocesani -, ma grida pi\u00f9 forte il desiderio di abitare il cambiamento d\u2019epoca da testimoni di Cristo risorto, per ripartire dalla perenne novit\u00e0 della Pasqua, non temendo di metterci in dialogo e in discussione, consapevoli che il \u201ccamminare insieme\u201d \u00e8 lo stile della Chiesa, ricordando che la Via, la Verit\u00e0 e la Vita \u00e8 Cristo stesso\u00bb. A seguire, c\u2019\u00e8 l\u2019evidenza di un \u00abdesiderio di umilt\u00e0 e di comunit\u00e0 \u2013 fanno sapere i membri dell\u2019\u00e9quipe- e, ancora, l\u2019esperienza del cammino ha aiutato le comunit\u00e0 a spostare l\u2019attenzione dall\u2019<em>io<\/em>\u00a0al\u00a0<em>noi<\/em>\u00a0e agli\u00a0<em>altri<\/em>, attraverso incontri concreti, personali, autentici e paritari\u00bb.<\/p>\n<p><strong>Pur nella gioia generale\u00a0<\/strong>della condivisione, \u00absi \u00e8 notata anche qualche fatica \u2013 sono ancora le considerazioni degli incaricati diocesani -, come la difficolt\u00e0 a coinvolgere chi solitamente non frequenta la Chiesa, specialmente i pi\u00f9 giovani, e a superare la logica del gruppo per vivere invece un percorso comunitario\u00bb. La sintesi prodotta (e fatta pervenire alla Cei) \u2013\u00a0<a href=\"https:\/\/www.diocesidiroma.it\/camminosinodale\/archivio\/2022\/diocesi\/Sintesi_finale_del_cammino_sinodale_nella_diocesi_di_Roma_doc_1056.pdf\">online<\/a>\u00a0sul sito della diocesi di Roma -, lungi \u00abdal fornire un mero dato sociologico esprime piuttosto cosa il popolo di Dio ci sta dicendo, dai desideri alle criticit\u00e0, ed \u00e8 il frutto di un processo spirituale \u2013 sono le parole dei referenti dell\u2019\u00e9quipe sinodale diocesana -, rappresenta il risultato di un\u2019attivit\u00e0 di concordia: mettere insieme davvero ci\u00f2 che passa dal cuore delle persone, che \u00e8 dove parla lo Spirito Santo\u00bb.\u00a0Una considerazione importante nasce infatti \u00abdalla constatazione che chi si \u00e8 messo in gioco e ha preso davvero parte a questo cammino condiviso della Chiesa si \u00e8 riunito dapprima intorno alla Parola per favorire poi un confronto spirituale \u2013 spiegano -. Questa \u00e8 una novit\u00e0 sicuramente da incentivare e da imparare a vivere come stile\u00bb, dato che \u00abquando la Chiesa ascolta se stessa, ascolta ci\u00f2 che lo Spirito Santo vuole comunicare\u00bb. Non a caso \u00abqualcuno avverte la necessit\u00e0 di imparare l\u2019arte del discernimento per comprendere se alcune delle cose emerse siano effettivamente frutto dello Spirito che parla o di ideologie dettate dallo spirito del mondo\u00bb, fanno sapere ancora i membri dell\u2019\u00e9quipe.<\/p>\n<p><strong>Da un punto di vista\u00a0<\/strong>metodologico, gli incaricati diocesani evidenziano infine di aver \u00abcercato di fare emergere i nuclei tematici pi\u00f9 ricorrenti, scegliendo quelli che pi\u00f9 risuonavano nelle risposte e nei contributi forniti\u00bb, privilegiando \u00abil sentire comune e la voce diretta delle persone, riportando spesso i loro virgolettati, anche a costo di sacrificare la forma linguistica\u00bb, perch\u00e9 la sintesi prodotta \u00abnon \u00e8 un testo teologico n\u00e9 accademico ma la tessitura delle voci della gente e non solo dei pastori ma di tutti, senza pi\u00f9 neanche la distinzione tra \u201cad intra\u201d e \u201cad extra\u201d\u00bb. (Michela Altoviti per <a href=\"https:\/\/www.romasette.it\/il-cammino-sinodale-diocesano-ecco-i-frutti-dellascolto\/\">Romasette.it<\/a>)<\/p>\n","protected":false},"excerpt":{"rendered":"<p>Il verbo \u201cripartire\u201d \u00e8\u00a0quello che meglio racchiude e sintetizza quanto emerso dalle attivit\u00e0 di ascolto svolte nella diocesi di Roma, su pi\u00f9 fronti e a pi\u00f9 livelli, a partire dallo scorso ottobre in occasione del cammino sinodale della Chiesa italiana. \u00abNon \u00e8 stato semplice discernere e mettere insieme quello che abbiamo ritenuto maggiormente significativo \u2013 [&hellip;]<\/p>\n","protected":false},"author":14,"featured_media":21635,"comment_status":"closed","ping_status":"closed","sticky":false,"template":"","format":"standard","meta":{"footnotes":""},"categories":[914,922,935],"tags":[927],"class_list":["post-21634","post","type-post","status-publish","format-standard","has-post-thumbnail","hentry","category-cammino_sinodale-21-22","category-notizie-cammino_sinodale-21-22","category-notizie-22-23","tag-sinodo"],"_links":{"self":[{"href":"https:\/\/www.diocesidiroma.it\/camminosinodale\/index.php\/wp-json\/wp\/v2\/posts\/21634","targetHints":{"allow":["GET"]}}],"collection":[{"href":"https:\/\/www.diocesidiroma.it\/camminosinodale\/index.php\/wp-json\/wp\/v2\/posts"}],"about":[{"href":"https:\/\/www.diocesidiroma.it\/camminosinodale\/index.php\/wp-json\/wp\/v2\/types\/post"}],"author":[{"embeddable":true,"href":"https:\/\/www.diocesidiroma.it\/camminosinodale\/index.php\/wp-json\/wp\/v2\/users\/14"}],"replies":[{"embeddable":true,"href":"https:\/\/www.diocesidiroma.it\/camminosinodale\/index.php\/wp-json\/wp\/v2\/comments?post=21634"}],"version-history":[{"count":1,"href":"https:\/\/www.diocesidiroma.it\/camminosinodale\/index.php\/wp-json\/wp\/v2\/posts\/21634\/revisions"}],"predecessor-version":[{"id":23112,"href":"https:\/\/www.diocesidiroma.it\/camminosinodale\/index.php\/wp-json\/wp\/v2\/posts\/21634\/revisions\/23112"}],"wp:featuredmedia":[{"embeddable":true,"href":"https:\/\/www.diocesidiroma.it\/camminosinodale\/index.php\/wp-json\/wp\/v2\/media\/21635"}],"wp:attachment":[{"href":"https:\/\/www.diocesidiroma.it\/camminosinodale\/index.php\/wp-json\/wp\/v2\/media?parent=21634"}],"wp:term":[{"taxonomy":"category","embeddable":true,"href":"https:\/\/www.diocesidiroma.it\/camminosinodale\/index.php\/wp-json\/wp\/v2\/categories?post=21634"},{"taxonomy":"post_tag","embeddable":true,"href":"https:\/\/www.diocesidiroma.it\/camminosinodale\/index.php\/wp-json\/wp\/v2\/tags?post=21634"}],"curies":[{"name":"wp","href":"https:\/\/api.w.org\/{rel}","templated":true}]}}