{"id":23126,"date":"2022-12-23T11:36:48","date_gmt":"2022-12-23T10:36:48","guid":{"rendered":"https:\/\/www.diocesidiroma.it\/camminosinodale\/?p=23126"},"modified":"2023-05-12T11:37:02","modified_gmt":"2023-05-12T09:37:02","slug":"gli-auguri-di-natale-del-cardinale-vicario","status":"publish","type":"post","link":"https:\/\/www.diocesidiroma.it\/camminosinodale\/index.php\/gli-auguri-di-natale-del-cardinale-vicario\/","title":{"rendered":"Gli auguri di Natale del cardinale vicario"},"content":{"rendered":"<p><em>\u201cQuesti \u00e8 il figlio mio, il prediletto: ascoltatelo!\u201d<\/em>\u00a0(Mc 9,7)<\/p>\n<p>Carissimi,<br \/>\nDio parla al cuore di ogni sua creatura attraverso il Figlio, che \u00e8 la sua Parola, e attraverso i nostri fratelli e sorelle, ma per poterlo ascoltare \u00e8 necessario interrompere il nostro incessante parlare, anche interiore. La parola nasce dal silenzio e torna nel silenzio, ed \u00e8 necessario il silenzio per poterla ascoltare. \u00c8 necessario interrompere quel flusso continuo di stimoli esterni ed interni che ci rendono sordi a ci\u00f2 che accade intorno a noi stessi. Per ascoltare Dio, come per ascoltare l\u2019altro, bisogna svuotarci dai mille suoni che urlano incessantemente dentro di noi, e far spazio a qualcosa di nuovo che potremo accogliere e custodire.<br \/>\nSan Giovanni della Croce scriveva: \u201cII Padre pronunci\u00f2 una parola, che fu suo Figlio e sempre la ripete in un eterno silenzio; perci\u00f2 in silenzio essa deve essere ascoltata dall\u2019anima\u201d.<br \/>\nVi auguro di mettervi in ascolto dell\u2019Unigenito del Padre che viene al mondo, accogliendo il suggerimento di Maria a Cana: qualsiasi cosa vi dica, fatela! (Gv 2,5).<br \/>\nChe sia un vero Natale di pace e di gioia nello Spirito!<\/p>\n<p>Angelo Card. De Donatis<br \/>\nVicario Generale di Sua Santit\u00e0 per la Diocesi di Roma<\/p>\n","protected":false},"excerpt":{"rendered":"<p>\u201cQuesti \u00e8 il figlio mio, il prediletto: ascoltatelo!\u201d\u00a0(Mc 9,7) Carissimi, Dio parla al cuore di ogni sua creatura attraverso il Figlio, che \u00e8 la sua Parola, e attraverso i nostri fratelli e sorelle, ma per poterlo ascoltare \u00e8 necessario interrompere il nostro incessante parlare, anche interiore. La parola nasce dal silenzio e torna nel silenzio, [&hellip;]<\/p>\n","protected":false},"author":19,"featured_media":23127,"comment_status":"closed","ping_status":"closed","sticky":false,"template":"","format":"standard","meta":{"footnotes":""},"categories":[935],"tags":[],"class_list":["post-23126","post","type-post","status-publish","format-standard","has-post-thumbnail","hentry","category-notizie-22-23"],"_links":{"self":[{"href":"https:\/\/www.diocesidiroma.it\/camminosinodale\/index.php\/wp-json\/wp\/v2\/posts\/23126","targetHints":{"allow":["GET"]}}],"collection":[{"href":"https:\/\/www.diocesidiroma.it\/camminosinodale\/index.php\/wp-json\/wp\/v2\/posts"}],"about":[{"href":"https:\/\/www.diocesidiroma.it\/camminosinodale\/index.php\/wp-json\/wp\/v2\/types\/post"}],"author":[{"embeddable":true,"href":"https:\/\/www.diocesidiroma.it\/camminosinodale\/index.php\/wp-json\/wp\/v2\/users\/19"}],"replies":[{"embeddable":true,"href":"https:\/\/www.diocesidiroma.it\/camminosinodale\/index.php\/wp-json\/wp\/v2\/comments?post=23126"}],"version-history":[{"count":1,"href":"https:\/\/www.diocesidiroma.it\/camminosinodale\/index.php\/wp-json\/wp\/v2\/posts\/23126\/revisions"}],"predecessor-version":[{"id":23128,"href":"https:\/\/www.diocesidiroma.it\/camminosinodale\/index.php\/wp-json\/wp\/v2\/posts\/23126\/revisions\/23128"}],"wp:featuredmedia":[{"embeddable":true,"href":"https:\/\/www.diocesidiroma.it\/camminosinodale\/index.php\/wp-json\/wp\/v2\/media\/23127"}],"wp:attachment":[{"href":"https:\/\/www.diocesidiroma.it\/camminosinodale\/index.php\/wp-json\/wp\/v2\/media?parent=23126"}],"wp:term":[{"taxonomy":"category","embeddable":true,"href":"https:\/\/www.diocesidiroma.it\/camminosinodale\/index.php\/wp-json\/wp\/v2\/categories?post=23126"},{"taxonomy":"post_tag","embeddable":true,"href":"https:\/\/www.diocesidiroma.it\/camminosinodale\/index.php\/wp-json\/wp\/v2\/tags?post=23126"}],"curies":[{"name":"wp","href":"https:\/\/api.w.org\/{rel}","templated":true}]}}