{"id":23129,"date":"2022-12-23T11:38:51","date_gmt":"2022-12-23T10:38:51","guid":{"rendered":"https:\/\/www.diocesidiroma.it\/camminosinodale\/?p=23129"},"modified":"2023-05-12T11:41:21","modified_gmt":"2023-05-12T09:41:21","slug":"meditazione-sullascolto-un-libretto-in-regalo-dal-cardinale-de-donatis-a-tutta-la-comunita-diocesana","status":"publish","type":"post","link":"https:\/\/www.diocesidiroma.it\/camminosinodale\/index.php\/meditazione-sullascolto-un-libretto-in-regalo-dal-cardinale-de-donatis-a-tutta-la-comunita-diocesana\/","title":{"rendered":"Meditazione sull\u2019ascolto: un libretto in regalo dal cardinale De Donatis a tutta la comunit\u00e0 diocesana"},"content":{"rendered":"<p>\u00abIn occasione del Santo Natale sono lieto di condividere con voi una meditazione sull\u2019ascolto che, come sapete, \u00e8 al centro di questo secondo anno di cammino sinodale. (\u2026.) Il primo e pi\u00f9 importante ascolto \u00e8 quello della voce di Dio, che ci rende poi desiderosi e capaci di praticare l\u2019ascolto degli altri, di tutti coloro che Dio ci ha posto accanto come compagni del nostro cammino di vita\u00bb.<\/p>\n<p>\u00c8\u00a0<strong>dedicato all\u2019ascolto il libretto che il cardinale vicario Angelo De Donatis ha donato a tutta la comunit\u00e0 diocesana<\/strong>\u00a0in occasione del Natale 2022. Consegnato a prefetti, parroci, cappellani ospedalieri, universitari, carcerari, il volumetto \u00e8 stato cos\u00ec distribuito in parrocchie, atenei, case di cura, case di reclusione. Verr\u00e0 inoltre consegnato ai partecipanti alle celebrazioni del 24 e del 25 dicembre nella basilica di San Giovanni in Laterano. E per quanti ancora non avessero la propria copia, sar\u00e0 possibile richiederla alla Segreteria del cardinale vicario: vicariodiromasegreteria@diocesidiroma.it<\/p>\n<p>\u00abAscoltare \u00e8 pi\u00f9 difficile di quanto si possa pensare \u2013 si legge ancora \u2013. (\u2026) La stessa Chiesa, da sempre, \u00e8 molto pi\u00f9 abituata a parlare e ad insegnare, molto meno a mettersi in ascolto. Ma \u00e8 necessario continuare in questo sforzo, anche se non ci viene naturale, perch\u00e9 solo con la giusta docilit\u00e0 di cuore \u00e8 possibile realizzare, attraverso l\u2019ascolto, quella comunione con i fratelli e con Dio a cui ciascuno di noi \u00e8 profondamente chiamato\u00bb.<\/p>\n<p>\u00abAscoltare cambia chi \u00e8 ascolta e chi \u00e8 ascoltato \u2013 scrive il cardinale De Donatis \u2013. \u00c8 il tempo in cui ci si contrae per dare spazio all\u2019altro, per dare modo all\u2019altro di esistere ai nostri occhi e al nostro cuore\u00bb.<\/p>\n<p><strong>La pubblicazione \u00e8 ricca di bellissime immagini, tutte scattate da Cristian Gennari<\/strong>, autore anche della maggior parte delle fotografie pubblicate in questo sito diocesano, come pure sul settimanale diocesano Roma Sette, sul sito Romasette.it, sulle pagine Facebook e Instagram della diocesi.<\/p>\n<p><a href=\"https:\/\/www.diocesidiroma.it\/archivio\/2022\/cardinale\/Libretto_sullascolto_in_occasione_del_Natale_doc_1134.pdf\" target=\"_blank\" rel=\"noopener\">Clicca qui per scaricare il libretto<\/a><\/p>\n<p>23 dicembre 2022<\/p>\n","protected":false},"excerpt":{"rendered":"<p>\u00abIn occasione del Santo Natale sono lieto di condividere con voi una meditazione sull\u2019ascolto che, come sapete, \u00e8 al centro di questo secondo anno di cammino sinodale. (\u2026.) Il primo e pi\u00f9 importante ascolto \u00e8 quello della voce di Dio, che ci rende poi desiderosi e capaci di praticare l\u2019ascolto degli altri, di tutti coloro [&hellip;]<\/p>\n","protected":false},"author":19,"featured_media":23130,"comment_status":"closed","ping_status":"closed","sticky":false,"template":"","format":"standard","meta":{"footnotes":""},"categories":[935],"tags":[],"class_list":["post-23129","post","type-post","status-publish","format-standard","has-post-thumbnail","hentry","category-notizie-22-23"],"_links":{"self":[{"href":"https:\/\/www.diocesidiroma.it\/camminosinodale\/index.php\/wp-json\/wp\/v2\/posts\/23129","targetHints":{"allow":["GET"]}}],"collection":[{"href":"https:\/\/www.diocesidiroma.it\/camminosinodale\/index.php\/wp-json\/wp\/v2\/posts"}],"about":[{"href":"https:\/\/www.diocesidiroma.it\/camminosinodale\/index.php\/wp-json\/wp\/v2\/types\/post"}],"author":[{"embeddable":true,"href":"https:\/\/www.diocesidiroma.it\/camminosinodale\/index.php\/wp-json\/wp\/v2\/users\/19"}],"replies":[{"embeddable":true,"href":"https:\/\/www.diocesidiroma.it\/camminosinodale\/index.php\/wp-json\/wp\/v2\/comments?post=23129"}],"version-history":[{"count":1,"href":"https:\/\/www.diocesidiroma.it\/camminosinodale\/index.php\/wp-json\/wp\/v2\/posts\/23129\/revisions"}],"predecessor-version":[{"id":23131,"href":"https:\/\/www.diocesidiroma.it\/camminosinodale\/index.php\/wp-json\/wp\/v2\/posts\/23129\/revisions\/23131"}],"wp:featuredmedia":[{"embeddable":true,"href":"https:\/\/www.diocesidiroma.it\/camminosinodale\/index.php\/wp-json\/wp\/v2\/media\/23130"}],"wp:attachment":[{"href":"https:\/\/www.diocesidiroma.it\/camminosinodale\/index.php\/wp-json\/wp\/v2\/media?parent=23129"}],"wp:term":[{"taxonomy":"category","embeddable":true,"href":"https:\/\/www.diocesidiroma.it\/camminosinodale\/index.php\/wp-json\/wp\/v2\/categories?post=23129"},{"taxonomy":"post_tag","embeddable":true,"href":"https:\/\/www.diocesidiroma.it\/camminosinodale\/index.php\/wp-json\/wp\/v2\/tags?post=23129"}],"curies":[{"name":"wp","href":"https:\/\/api.w.org\/{rel}","templated":true}]}}