{"id":23132,"date":"2023-04-30T11:45:52","date_gmt":"2023-04-30T09:45:52","guid":{"rendered":"https:\/\/www.diocesidiroma.it\/camminosinodale\/?p=23132"},"modified":"2023-05-12T11:46:08","modified_gmt":"2023-05-12T09:46:08","slug":"contrasto-alla-poverta-educativa-incontro-del-cammino-sinodale","status":"publish","type":"post","link":"https:\/\/www.diocesidiroma.it\/camminosinodale\/index.php\/contrasto-alla-poverta-educativa-incontro-del-cammino-sinodale\/","title":{"rendered":"Contrasto alla povert\u00e0 educativa, incontro del cammino sinodale"},"content":{"rendered":"<p>e Scuole della Pace della Comunit\u00e0 di Sant\u2019Egidio. La parrocchia di San Bonaventura da Bagnoregio, dove ai ragazzi si offre anche il pranzo. Quella di San Filippo Neri alla Pineta Sacchetti, con corsi per settanta bambini e adolescenti in maggioranza stranieri. La comunit\u00e0 di San Felice da Cantalice, con le ripetizioni gratuite di matematica e italiano. I contributi del Centro Elis, della Caritas diocesana, delle Suore di Carit\u00e0 dell\u2019Assunzione.<\/p>\n<p><strong>Sono tante le parrocchie e le realt\u00e0 impegnate nel contrasto alla povert\u00e0 educativa e nella gestione di attivit\u00e0 di doposcuola,<\/strong>\u00a0nella nostra diocesi. Si ritroveranno tutte insieme sabato prossimo,\u00a0<strong>6 maggio<\/strong>, a partire dalle 9:30, per l\u2019assemblea sinodale, al Seminario Romano Maggiore. \u00abSi tratter\u00e0 di un\u2019importante occasione di incontro, di libero ascolto, di conoscenza reciproca \u2013 sottolinea il referente, il vescovo\u00a0<strong>Benoni Ambarus<\/strong>\u00a0\u2013 per favorire l\u2019intessersi della rete sul territorio, strumento fondamentale per lo sviluppo di buone prassi e di una testimonianza efficace e concreta\u00bb.<\/p>\n<p>La mattinata sar\u00e0 aperta dalla relazione di Evelina Martelli sulla povert\u00e0 educativa a Roma; seguiranno i lavori in gruppo e poi, attorno alle 11.45, l\u2019intervento di monsignor Ambarus.<\/p>\n<p>30 aprile 2023<\/p>\n","protected":false},"excerpt":{"rendered":"<p>e Scuole della Pace della Comunit\u00e0 di Sant\u2019Egidio. La parrocchia di San Bonaventura da Bagnoregio, dove ai ragazzi si offre anche il pranzo. Quella di San Filippo Neri alla Pineta Sacchetti, con corsi per settanta bambini e adolescenti in maggioranza stranieri. La comunit\u00e0 di San Felice da Cantalice, con le ripetizioni gratuite di matematica e [&hellip;]<\/p>\n","protected":false},"author":19,"featured_media":23133,"comment_status":"closed","ping_status":"closed","sticky":false,"template":"","format":"standard","meta":{"footnotes":""},"categories":[935],"tags":[],"class_list":["post-23132","post","type-post","status-publish","format-standard","has-post-thumbnail","hentry","category-notizie-22-23"],"_links":{"self":[{"href":"https:\/\/www.diocesidiroma.it\/camminosinodale\/index.php\/wp-json\/wp\/v2\/posts\/23132","targetHints":{"allow":["GET"]}}],"collection":[{"href":"https:\/\/www.diocesidiroma.it\/camminosinodale\/index.php\/wp-json\/wp\/v2\/posts"}],"about":[{"href":"https:\/\/www.diocesidiroma.it\/camminosinodale\/index.php\/wp-json\/wp\/v2\/types\/post"}],"author":[{"embeddable":true,"href":"https:\/\/www.diocesidiroma.it\/camminosinodale\/index.php\/wp-json\/wp\/v2\/users\/19"}],"replies":[{"embeddable":true,"href":"https:\/\/www.diocesidiroma.it\/camminosinodale\/index.php\/wp-json\/wp\/v2\/comments?post=23132"}],"version-history":[{"count":1,"href":"https:\/\/www.diocesidiroma.it\/camminosinodale\/index.php\/wp-json\/wp\/v2\/posts\/23132\/revisions"}],"predecessor-version":[{"id":23134,"href":"https:\/\/www.diocesidiroma.it\/camminosinodale\/index.php\/wp-json\/wp\/v2\/posts\/23132\/revisions\/23134"}],"wp:featuredmedia":[{"embeddable":true,"href":"https:\/\/www.diocesidiroma.it\/camminosinodale\/index.php\/wp-json\/wp\/v2\/media\/23133"}],"wp:attachment":[{"href":"https:\/\/www.diocesidiroma.it\/camminosinodale\/index.php\/wp-json\/wp\/v2\/media?parent=23132"}],"wp:term":[{"taxonomy":"category","embeddable":true,"href":"https:\/\/www.diocesidiroma.it\/camminosinodale\/index.php\/wp-json\/wp\/v2\/categories?post=23132"},{"taxonomy":"post_tag","embeddable":true,"href":"https:\/\/www.diocesidiroma.it\/camminosinodale\/index.php\/wp-json\/wp\/v2\/tags?post=23132"}],"curies":[{"name":"wp","href":"https:\/\/api.w.org\/{rel}","templated":true}]}}