{"id":3038,"date":"2020-12-21T10:27:58","date_gmt":"2020-12-21T09:27:58","guid":{"rendered":"https:\/\/www.diocesidiroma.it\/catechistico\/?p=3038"},"modified":"2023-03-22T13:08:54","modified_gmt":"2023-03-22T12:08:54","slug":"3038-2","status":"publish","type":"post","link":"https:\/\/www.diocesidiroma.it\/catechistico\/index.php\/3038-2\/","title":{"rendered":"Auguri di un Santo Natale"},"content":{"rendered":"<p>Informiamo che, durante il periodo delle festivit\u00e0 natalizie, l&#8217;Ufficio rimarr\u00e0 chiuso: per richieste o comunicazioni urgenti \u00e8 possibile interagire inviando una mail al seguente indirizzo di posta elettronica: ufficiocatechistico@diocesidiroma.it<\/p>\n<p>&nbsp;<\/p>\n","protected":false},"excerpt":{"rendered":"Informiamo che, durante il periodo delle festivit\u00e0 natalizie, l&#8217;Ufficio rimarr\u00e0 chiuso: per richieste o comunicazioni urgenti \u00e8 possibile interagire inviando una mail al seguente indirizzo di posta elettronica: ufficiocatechistico@diocesidiroma.it &nbsp;","protected":false},"author":2,"featured_media":3032,"comment_status":"closed","ping_status":"closed","sticky":false,"template":"","format":"standard","meta":{"_acf_changed":false,"footnotes":""},"categories":[13,4],"tags":[],"class_list":["post-3038","post","type-post","status-publish","format-standard","has-post-thumbnail","hentry","category-in_evidenza","category-notizie"],"acf":[],"_links":{"self":[{"href":"https:\/\/www.diocesidiroma.it\/catechistico\/index.php\/wp-json\/wp\/v2\/posts\/3038","targetHints":{"allow":["GET"]}}],"collection":[{"href":"https:\/\/www.diocesidiroma.it\/catechistico\/index.php\/wp-json\/wp\/v2\/posts"}],"about":[{"href":"https:\/\/www.diocesidiroma.it\/catechistico\/index.php\/wp-json\/wp\/v2\/types\/post"}],"author":[{"embeddable":true,"href":"https:\/\/www.diocesidiroma.it\/catechistico\/index.php\/wp-json\/wp\/v2\/users\/2"}],"replies":[{"embeddable":true,"href":"https:\/\/www.diocesidiroma.it\/catechistico\/index.php\/wp-json\/wp\/v2\/comments?post=3038"}],"version-history":[{"count":6,"href":"https:\/\/www.diocesidiroma.it\/catechistico\/index.php\/wp-json\/wp\/v2\/posts\/3038\/revisions"}],"predecessor-version":[{"id":3044,"href":"https:\/\/www.diocesidiroma.it\/catechistico\/index.php\/wp-json\/wp\/v2\/posts\/3038\/revisions\/3044"}],"wp:featuredmedia":[{"embeddable":true,"href":"https:\/\/www.diocesidiroma.it\/catechistico\/index.php\/wp-json\/wp\/v2\/media\/3032"}],"wp:attachment":[{"href":"https:\/\/www.diocesidiroma.it\/catechistico\/index.php\/wp-json\/wp\/v2\/media?parent=3038"}],"wp:term":[{"taxonomy":"category","embeddable":true,"href":"https:\/\/www.diocesidiroma.it\/catechistico\/index.php\/wp-json\/wp\/v2\/categories?post=3038"},{"taxonomy":"post_tag","embeddable":true,"href":"https:\/\/www.diocesidiroma.it\/catechistico\/index.php\/wp-json\/wp\/v2\/tags?post=3038"}],"curies":[{"name":"wp","href":"https:\/\/api.w.org\/{rel}","templated":true}]}}