{"id":4676,"date":"2023-12-07T23:59:08","date_gmt":"2023-12-07T22:59:08","guid":{"rendered":"https:\/\/www.diocesidiroma.it\/catechistico\/?p=4676"},"modified":"2023-12-06T09:01:32","modified_gmt":"2023-12-06T08:01:32","slug":"solennita-dellimmacolata-concezione-2","status":"publish","type":"post","link":"https:\/\/www.diocesidiroma.it\/catechistico\/index.php\/solennita-dellimmacolata-concezione-2\/","title":{"rendered":"Solennit\u00e0 dell&#8217;Immacolata Concezione"},"content":{"rendered":"<p style=\"text-align: center;\"><span style=\"color: #800000;\"><strong>Dai \u00abDiscorsi\u00bb di sant&#8217;Anselmo, vescovo<\/strong> (<em>Disc. 52; PL 158, 955-956<\/em>)<\/span><b><\/b><\/p>\n<p><span style=\"color: #ff0000;\">O Vergine, per la tua benedizione\u00a0\u00e8 benedetta ogni creatura<\/span><span style=\"color: #800000;\"><br \/>\nCielo, stelle, terra, fiumi, giorno, notte e tutte le creature che sono sottoposte al potere dell&#8217;uomo o disposte per la sua utilit\u00e0 si rallegrano, o Signora, di essere stati per mezzo tuo in certo modo risuscitati allo splendore che avevano perduto, e di avere ricevuto una grazia nuova inesprimibile. Erano tutte come morte le cose, poich\u00e9 avevano perduto la dignit\u00e0 originale alla quale erano state destinate. Loro fine era di servire al dominio o alle necessit\u00e0 delle creature cui spetta di elevare la lode a Dio. Erano schiacciate dall&#8217;oppressione e avevano perso vivezza per l&#8217;abuso di coloro che s&#8217;erano fatti servi degli idoli. Ma agli idoli non erano destinate. Ora invece, quasi risuscitate, si rallegrano di essere rette dal dominio e abbellite dall&#8217;uso degli uomini che lodano Dio.<br \/>\nHanno esultato come di una nuova e inestimabile grazia sentendo che Dio stesso, lo stesso loro Creatore non solo invisibilmente le regge dall&#8217;alto, ma anche, presente visibilmente tra di loro, le santifica servendosi di esse. Questi beni cos\u00ec grandi sono venuti dal frutto benedetto del grembo benedetto di Maria benedetta.<br \/>\nPer la pienezza della tua grazia anche le creature che erano negl&#8217;inferi si rallegrano nella gioia di essere liberate, e quelle che sono sulla terra gioiscono di essere rinnovate. Invero per il medesimo glorioso figlio della tua gloriosa verginit\u00e0, esultano, liberati dalla loro prigionia, tutti i giusti che sono morti prima della sua morte vivificatrice, e gli angeli si rallegrano perch\u00e9 \u00e8 rifatta nuova la loro citt\u00e0 diroccata.<br \/>\nO donna piena e sovrabbondante di grazia, ogni creatura rinverdisce, inondata dal traboccare della tua pienezza. O vergine benedetta e pi\u00f9 che benedetta, per la cui benedizione ogni creatura \u00e8 benedetta dal suo Creatore, e il Creatore \u00e8 benedetto da ogni creatura.<br \/>\nA Maria Dio diede il Figlio suo unico che aveva generato dal suo seno uguale a se stesso e che amava come se stesso, e da Maria plasm\u00f2 il Figlio, non un altro, ma il medesimo, in modo che secondo la natura fosse l&#8217;unico e medesimo figlio comune di Dio e di Maria. Dio cre\u00f2 ogni creatura, e Maria gener\u00f2 Dio: Dio, che aveva creato ogni cosa, si fece lui stesso creatura di Maria, e ha ricreato cos\u00ec tutto quello che aveva creato. E mentre aveva potuto creare tutte le cose dal nulla, dopo la loro rovina non volle restaurarle senza Maria.<br \/>\nDio dunque \u00e8 il padre delle cose create, Maria la madre delle cose ricreate. Dio \u00e8 padre della fondazione del mondo, Maria la madre della sua riparazione, poich\u00e9 Dio ha generato colui per mezzo del quale tutto \u00e8 stato fatto, e Maria ha partorito colui per opera del quale tutte le cose sono state salvate. Dio ha generato colui senza del quale niente assolutamente \u00e8, e Maria ha partorito colui senza del quale niente \u00e8 bene.<br \/>\nDavvero con te \u00e8 il Signore che volle che tutte le creature, e lui stesso insieme, dovessero tanto a te.<\/span><\/p>\n<p><span style=\"color: #000000;\">A tutti voi gli auguri di una Santa Solennit\u00e0!<\/span><\/p>\n","protected":false},"excerpt":{"rendered":"Dai \u00abDiscorsi\u00bb di sant&#8217;Anselmo, vescovo (Disc. 52; PL 158, 955-956) O Vergine, per la tua benedizione\u00a0\u00e8 benedetta ogni creatura Cielo, stelle, terra, fiumi, giorno, notte e tutte le creature che sono sottoposte al potere dell&#8217;uomo o disposte per la sua utilit\u00e0 si rallegrano, o Signora, di essere stati per mezzo tuo in certo modo risuscitati [&hellip;]","protected":false},"author":2,"featured_media":4003,"comment_status":"closed","ping_status":"closed","sticky":false,"template":"","format":"standard","meta":{"_acf_changed":false,"footnotes":""},"categories":[13,4],"tags":[],"class_list":["post-4676","post","type-post","status-publish","format-standard","has-post-thumbnail","hentry","category-in_evidenza","category-notizie"],"acf":[],"_links":{"self":[{"href":"https:\/\/www.diocesidiroma.it\/catechistico\/index.php\/wp-json\/wp\/v2\/posts\/4676","targetHints":{"allow":["GET"]}}],"collection":[{"href":"https:\/\/www.diocesidiroma.it\/catechistico\/index.php\/wp-json\/wp\/v2\/posts"}],"about":[{"href":"https:\/\/www.diocesidiroma.it\/catechistico\/index.php\/wp-json\/wp\/v2\/types\/post"}],"author":[{"embeddable":true,"href":"https:\/\/www.diocesidiroma.it\/catechistico\/index.php\/wp-json\/wp\/v2\/users\/2"}],"replies":[{"embeddable":true,"href":"https:\/\/www.diocesidiroma.it\/catechistico\/index.php\/wp-json\/wp\/v2\/comments?post=4676"}],"version-history":[{"count":1,"href":"https:\/\/www.diocesidiroma.it\/catechistico\/index.php\/wp-json\/wp\/v2\/posts\/4676\/revisions"}],"predecessor-version":[{"id":4677,"href":"https:\/\/www.diocesidiroma.it\/catechistico\/index.php\/wp-json\/wp\/v2\/posts\/4676\/revisions\/4677"}],"wp:featuredmedia":[{"embeddable":true,"href":"https:\/\/www.diocesidiroma.it\/catechistico\/index.php\/wp-json\/wp\/v2\/media\/4003"}],"wp:attachment":[{"href":"https:\/\/www.diocesidiroma.it\/catechistico\/index.php\/wp-json\/wp\/v2\/media?parent=4676"}],"wp:term":[{"taxonomy":"category","embeddable":true,"href":"https:\/\/www.diocesidiroma.it\/catechistico\/index.php\/wp-json\/wp\/v2\/categories?post=4676"},{"taxonomy":"post_tag","embeddable":true,"href":"https:\/\/www.diocesidiroma.it\/catechistico\/index.php\/wp-json\/wp\/v2\/tags?post=4676"}],"curies":[{"name":"wp","href":"https:\/\/api.w.org\/{rel}","templated":true}]}}