{"id":4751,"date":"2024-02-01T15:42:18","date_gmt":"2024-02-01T14:42:18","guid":{"rendered":"https:\/\/www.diocesidiroma.it\/catechistico\/?p=4751"},"modified":"2024-03-05T11:35:02","modified_gmt":"2024-03-05T10:35:02","slug":"al-via-il-corso-di-formazione-permanente-per-catechisti-su-catechesi-e-disabilita","status":"publish","type":"post","link":"https:\/\/www.diocesidiroma.it\/catechistico\/index.php\/al-via-il-corso-di-formazione-permanente-per-catechisti-su-catechesi-e-disabilita\/","title":{"rendered":"Al via il corso di formazione permanente per catechisti sul tema &#8220;Catechesi e disabilit\u00e0&#8221;"},"content":{"rendered":"<p>Carissimi,<\/p>\n<p>siamo a rammentare l\u2019imminente inizio del <strong>Corso di formazione permanente<\/strong> per catechisti sul tema \u201c<span style=\"color: #ff0000;\"><strong><em>Catechesi e disabilit\u00e0<\/em><\/strong><\/span>\u201d (da gioved\u00ec 8 febbraio a sabato 16 marzo 2024).<\/p>\n<p>Il corso approfondir\u00e0 diversi aspetti della tematica proposta; il percorso \u00e8 costituito da 6 incontri online (su piattaforma Cisco Webex, scaricabile gratuitamente sul proprio dispositivo), ogni gioved\u00ec dalle ore 21.00 alle ore 22.15, con due mezze giornate in presenza (di sabato, dalle ore 10.00 alle ore 12.30). Nell\u2019ultimo incontro in presenza si svolger\u00e0 l\u2019Assemblea diocesana su <em>Catechesi e disabilit\u00e0<\/em>, e verr\u00e0 presentato il relativo <em>Vademecum<\/em>.<\/p>\n<p>Il corso sar\u00e0 curato da Sr. Veronica Donatello, Responsabile del <em>Servizio Nazionale per la Pastorale delle persone con disabilit\u00e0 della CEI<\/em>.<\/p>\n<p>Di seguito il calendario dell\u2019itinerario di formazione permanente:<\/p>\n<p>\u2013 <span style=\"color: #ff0000;\">incontri online<\/span>: 8, 15, 22, 29 febbraio; 7, 14 marzo;<\/p>\n<p>\u2013 <span style=\"color: #ff0000;\">incontri in presenza<\/span>: 24 febbraio; 16 marzo (in questa data &#8211; 16 marzo 2024 &#8211; si terr\u00e0 l\u2019Assemblea diocesana su Catechesi e disabilit\u00e0, e verr\u00e0 presentato il relativo <em>Vademecum<\/em>).<\/p>\n<p>Il giorno precedente ad ogni incontro online i partecipanti riceveranno le credenziali (diverse per ogni incontro) per accedere al collegamento. Gli incontri online saranno registrati attraverso la piattaforma Cisco Webex: le registrazioni saranno disponibili al termine del corso.\u00a0Informiamo, infine, che NON \u00e8 previsto il rilascio di alcun attestato di partecipazione e\/o frequenza.<\/p>\n<p>Per aderire a tale iniziativa, \u00e8 necessario inviare una mail all\u2019indirizzo di posta elettronica del Ns. Ufficio (<a href=\"mailto:ufficiocatechistico@diocesidiroma.it\">ufficiocatechistico@diocesidiroma.it<\/a>) e indicare il nominativo, telefono, parrocchia di appartenenza e indirizzo mail (se diverso da quello dal quale si scrive) al quale si desidera ricevere il link per accedere al collegamento online.<\/p>\n<p>Nell&#8217;allegato trovate la locandina del percorso proposto, dove sono riportati gli argomenti che verranno affrontati nei singoli incontri.<\/p>\n<p>Vi aspettiamo!<\/p>\n<!-- WP Attachments -->\r\n        <div style=\"width:100%;margin:10px 0 10px 0;\">\r\n            <h3>Allegati<\/h3>\r\n        <ul class=\"post-attachments\"><li class=\"post-attachment mime-application-pdf\"><a href=\"https:\/\/www.diocesidiroma.it\/catechistico\/wp-content\/uploads\/2024\/02\/Locandina-percorso-di-formazione-permanente.pdf\">Locandina percorso di formazione permanente<\/a> <small>(430 kB)<\/small><\/li><\/ul><\/div>","protected":false},"excerpt":{"rendered":"Carissimi, siamo a rammentare l\u2019imminente inizio del Corso di formazione permanente per catechisti sul tema \u201cCatechesi e disabilit\u00e0\u201d (da gioved\u00ec 8 febbraio a sabato 16 marzo 2024). Il corso approfondir\u00e0 diversi aspetti della tematica proposta; il percorso \u00e8 costituito da 6 incontri online (su piattaforma Cisco Webex, scaricabile gratuitamente sul proprio dispositivo), ogni gioved\u00ec dalle [&hellip;]","protected":false},"author":2,"featured_media":4796,"comment_status":"closed","ping_status":"closed","sticky":false,"template":"","format":"standard","meta":{"_acf_changed":false,"footnotes":""},"categories":[20,32,13,17,4],"tags":[],"class_list":["post-4751","post","type-post","status-publish","format-standard","has-post-thumbnail","hentry","category-catechesi-e-disabilita","category-formazione-catechisti","category-in_evidenza","category-iniziazione-cristiana","category-notizie"],"acf":[],"_links":{"self":[{"href":"https:\/\/www.diocesidiroma.it\/catechistico\/index.php\/wp-json\/wp\/v2\/posts\/4751","targetHints":{"allow":["GET"]}}],"collection":[{"href":"https:\/\/www.diocesidiroma.it\/catechistico\/index.php\/wp-json\/wp\/v2\/posts"}],"about":[{"href":"https:\/\/www.diocesidiroma.it\/catechistico\/index.php\/wp-json\/wp\/v2\/types\/post"}],"author":[{"embeddable":true,"href":"https:\/\/www.diocesidiroma.it\/catechistico\/index.php\/wp-json\/wp\/v2\/users\/2"}],"replies":[{"embeddable":true,"href":"https:\/\/www.diocesidiroma.it\/catechistico\/index.php\/wp-json\/wp\/v2\/comments?post=4751"}],"version-history":[{"count":3,"href":"https:\/\/www.diocesidiroma.it\/catechistico\/index.php\/wp-json\/wp\/v2\/posts\/4751\/revisions"}],"predecessor-version":[{"id":4760,"href":"https:\/\/www.diocesidiroma.it\/catechistico\/index.php\/wp-json\/wp\/v2\/posts\/4751\/revisions\/4760"}],"wp:featuredmedia":[{"embeddable":true,"href":"https:\/\/www.diocesidiroma.it\/catechistico\/index.php\/wp-json\/wp\/v2\/media\/4796"}],"wp:attachment":[{"href":"https:\/\/www.diocesidiroma.it\/catechistico\/index.php\/wp-json\/wp\/v2\/media?parent=4751"}],"wp:term":[{"taxonomy":"category","embeddable":true,"href":"https:\/\/www.diocesidiroma.it\/catechistico\/index.php\/wp-json\/wp\/v2\/categories?post=4751"},{"taxonomy":"post_tag","embeddable":true,"href":"https:\/\/www.diocesidiroma.it\/catechistico\/index.php\/wp-json\/wp\/v2\/tags?post=4751"}],"curies":[{"name":"wp","href":"https:\/\/api.w.org\/{rel}","templated":true}]}}