{"id":5002,"date":"2024-07-30T10:28:11","date_gmt":"2024-07-30T08:28:11","guid":{"rendered":"https:\/\/www.diocesidiroma.it\/catechistico\/?p=5002"},"modified":"2024-07-30T10:59:52","modified_gmt":"2024-07-30T08:59:52","slug":"grazie-don-andrea","status":"publish","type":"post","link":"https:\/\/www.diocesidiroma.it\/catechistico\/index.php\/grazie-don-andrea\/","title":{"rendered":"GRAZIE Don ANDREA!"},"content":{"rendered":"<p>Carissimi,<\/p>\n<p>pubblichiamo, di seguito, le parole di Don Andrea Cavallini rivolte a tutti i catechisti della nostra Diocesi di Roma a conclusione del suo servizio come Direttore incaricato dell&#8217;Ufficio Diocesano per la Catechesi.<\/p>\n<p>Tutti noi dell&#8217;Ufficio vogliamo ringraziare Don Andrea per questi anni di generoso servizio alla Diocesi; soprattutto, un sentito e sincero ringraziamento per aver formato umanamente e professionalmente ciascuno di noi a servizio dell&#8217;Ufficio Diocesano per la Catechesi, fino a farci diventare una vera equipe cristiana, arrivando a far nostre le parole che l&#8217;Apostolo Paolo rivolge agli Efesini: &#8220;<em><span id=\"it-CEI-68942\" class=\"text Eph-4-4\">Un solo corpo, un solo spirito, come una sola \u00e8 la speranza alla quale siete stati chiamati, quella della vostra vocazione;<\/span> <\/em><span id=\"it-CEI-68943\" class=\"text Eph-4-5\"><em>un solo Signore, una sola fede, un solo battesimo<\/em>&#8221; (<em>Ef<\/em> 4,4-5).<\/span><\/p>\n<p>GRAZIE Don Andrea! Che il Signore continui a preservare, benedire e rendere fecondo il tuo ministero sacerdotale!<\/p>\n<p style=\"text-align: right;\">Don Enzo, Sr Rosaria, Teresa e Domenico<\/p>\n<p>&#8212;&#8212;&#8212;&#8212;<\/p>\n<p>Cari catechisti,<\/p>\n<p style=\"text-align: left;\">vi scrivo, con un po&#8217; di emozione, per comunicarvi che nello scorso mese di giugno sono stato nominato professore stabile della Pontificia Universit\u00e0 Gregoriana, dove insegno da 15 anni nella Facolt\u00e0 di filosofia: l&#8217;incarico ricevuto non \u00e8 compatibile con un lavoro impegnativo come la direzione dell&#8217;Ufficio catechistico diocesano e quindi concludo il mio servizio come Incaricato.<\/p>\n<p>Su richiesta del Consiglio episcopale, continuer\u00f2 a collaborare con l&#8217;Ufficio per accompagnare le parrocchie che stanno portando avanti la sperimentazione sull&#8217;iniziazione cristiana dei bambini: il prossimo anno vedr\u00e0 la conclusione del primo ciclo del percorso sperimentale e sar\u00e0 occasione di verifica (che abbiamo gi\u00e0 cominciato quest&#8217;anno) e di riflessione da parte del Consiglio episcopale. Colgo l&#8217;occasione per ringraziare i parroci e i catechisti che hanno partecipato all&#8217;elaborazione del progetto e alla sua sperimentazione.<\/p>\n<p>Sono stati 6 anni di lavoro intenso e bello, accompagnato dalla splendida \u00e9quipe dell&#8217;Ufficio: ringrazio di cuore suor Rosaria, Teresa, Domenico e don Enzo (e prima di loro anche suor Pina e Luca) per la passione che mettono nel lavoro e per il sostegno ricevuto. Ringrazio anche i superiori per la fiducia che mi hanno sempre dimostrato, in particolare il card. Angelo De Donatis, che mi ha chiamato a questo incarico alla fine del 2017.<br \/>\nUno dei regali pi\u00f9 belli di questi anni \u00e8 stata la possibilit\u00e0 di conoscere tanti di voi, catechisti della Diocesi di Roma, impegnati con generosit\u00e0 nell&#8217;evangelizzazione nelle parrocchie. Il vostro entusiasmo e il vostro desiderio di servire sempre meglio coloro che vi sono stati affidati mi hanno edificato e mi hanno spinto a impegnarmi nella formazione. Grazie!<\/p>\n<p>A partire dal 1 settembre p.v. l&#8217;Ufficio per la catechesi avr\u00e0 un nuovo direttore nella persona di Mons. Andrea Lonardo. Don Andrea \u00e8 gi\u00e0 stato alla guida dell&#8217;Ufficio per 11 anni, fino al 2017, ed \u00e8 conosciuto in tutta Italia per la sua competenza e il grande servizio reso alla Diocesi e ai catechisti. A lui, a cui mi lega un rapporto ventennale di amicizia, i miei affettuosi e grati auguri di buon lavoro.<\/p>\n<p>don Andrea Cavallini<\/p>\n","protected":false},"excerpt":{"rendered":"Carissimi, pubblichiamo, di seguito, le parole di Don Andrea Cavallini rivolte a tutti i catechisti della nostra Diocesi di Roma a conclusione del suo servizio come Direttore incaricato dell&#8217;Ufficio Diocesano per la Catechesi. Tutti noi dell&#8217;Ufficio vogliamo ringraziare Don Andrea per questi anni di generoso servizio alla Diocesi; soprattutto, un sentito e sincero ringraziamento per [&hellip;]","protected":false},"author":2,"featured_media":5007,"comment_status":"closed","ping_status":"closed","sticky":false,"template":"","format":"standard","meta":{"_acf_changed":false,"footnotes":""},"categories":[13,4],"tags":[],"class_list":["post-5002","post","type-post","status-publish","format-standard","has-post-thumbnail","hentry","category-in_evidenza","category-notizie"],"acf":[],"_links":{"self":[{"href":"https:\/\/www.diocesidiroma.it\/catechistico\/index.php\/wp-json\/wp\/v2\/posts\/5002","targetHints":{"allow":["GET"]}}],"collection":[{"href":"https:\/\/www.diocesidiroma.it\/catechistico\/index.php\/wp-json\/wp\/v2\/posts"}],"about":[{"href":"https:\/\/www.diocesidiroma.it\/catechistico\/index.php\/wp-json\/wp\/v2\/types\/post"}],"author":[{"embeddable":true,"href":"https:\/\/www.diocesidiroma.it\/catechistico\/index.php\/wp-json\/wp\/v2\/users\/2"}],"replies":[{"embeddable":true,"href":"https:\/\/www.diocesidiroma.it\/catechistico\/index.php\/wp-json\/wp\/v2\/comments?post=5002"}],"version-history":[{"count":4,"href":"https:\/\/www.diocesidiroma.it\/catechistico\/index.php\/wp-json\/wp\/v2\/posts\/5002\/revisions"}],"predecessor-version":[{"id":5006,"href":"https:\/\/www.diocesidiroma.it\/catechistico\/index.php\/wp-json\/wp\/v2\/posts\/5002\/revisions\/5006"}],"wp:featuredmedia":[{"embeddable":true,"href":"https:\/\/www.diocesidiroma.it\/catechistico\/index.php\/wp-json\/wp\/v2\/media\/5007"}],"wp:attachment":[{"href":"https:\/\/www.diocesidiroma.it\/catechistico\/index.php\/wp-json\/wp\/v2\/media?parent=5002"}],"wp:term":[{"taxonomy":"category","embeddable":true,"href":"https:\/\/www.diocesidiroma.it\/catechistico\/index.php\/wp-json\/wp\/v2\/categories?post=5002"},{"taxonomy":"post_tag","embeddable":true,"href":"https:\/\/www.diocesidiroma.it\/catechistico\/index.php\/wp-json\/wp\/v2\/tags?post=5002"}],"curies":[{"name":"wp","href":"https:\/\/api.w.org\/{rel}","templated":true}]}}