{"id":5077,"date":"2024-10-03T13:08:16","date_gmt":"2024-10-03T11:08:16","guid":{"rendered":"https:\/\/www.diocesidiroma.it\/catechistico\/?p=5077"},"modified":"2024-10-03T13:15:23","modified_gmt":"2024-10-03T11:15:23","slug":"inclusione-e-disabilita-corso-di-formazione-per-equipe-e-operatori-pastorali","status":"publish","type":"post","link":"https:\/\/www.diocesidiroma.it\/catechistico\/index.php\/inclusione-e-disabilita-corso-di-formazione-per-equipe-e-operatori-pastorali\/","title":{"rendered":"Inclusione e disabilit\u00e0: corso di formazione per \u00e9quipe e operatori pastorali"},"content":{"rendered":"<p>Carissimi,<\/p>\n<p>portiamo a conoscenza del percorso formativo per \u00e9quipe, operatori pastorali ed educatori dei vari servizi che lavorano nell&#8217;ambito dell&#8217;inclusione e della disabilit\u00e0, promosso dall&#8217;Istituto di Catechetica della Facolt\u00e0 di Scienze dell&#8217;Educazione dell&#8217;Universit\u00e0 Pontificia Salesiana, in collaborazione con il Servizio Nazionale per la Pastorale delle Persone con disabilit\u00e0 della Conferenza Episcopale Italiana, che si svolger\u00e0 dal 13 novembre 2024 al 30 giugno 2025 (le lezioni saranno <em>online<\/em> in modalit\u00e0 asincrona, accessibili in LIS e con sottotitolazione). Il primo incontro, del 13 novembre 2024, in modalit\u00e0 <em>online<\/em>, sar\u00e0 di carattere introduttivo e verter\u00e0 sulla presentazione dei contenuti del corso e le istruzioni sulle modalit\u00e0 di utilizzo della piattaforma.<\/p>\n<p>Nell&#8217;allegata locandina trovate le informazioni relative al corso (programma e modalit\u00e0); <span style=\"color: #ff0000;\"><strong>per maggiori informazioni e iscrizioni<\/strong><\/span> (da effettuarsi entro il 3 novembre p.v.),<strong><span style=\"color: #ff0000;\"> rivolgersi direttamente alla Segreteria organizzativa tramite il seguente indirizzo di posta elettronica:<\/span> <a href=\"mailto:formazione.disabili@unisal.it\">formazione.disabili@unisal.it<\/a><\/strong><\/p>\n<p>A presto!<\/p>\n<!-- WP Attachments -->\r\n        <div style=\"width:100%;margin:10px 0 10px 0;\">\r\n            <h3>Allegati<\/h3>\r\n        <ul class=\"post-attachments\"><li class=\"post-attachment mime-application-pdf\"><a href=\"https:\/\/www.diocesidiroma.it\/catechistico\/wp-content\/uploads\/2024\/10\/Locandina_Corso-operatori-disabilita-2024-2025.pdf\">Locandina_Corso operatori disabilit\u00e0 2024-2025<\/a> <small>(732 kB)<\/small><\/li><\/ul><\/div>","protected":false},"excerpt":{"rendered":"Carissimi, portiamo a conoscenza del percorso formativo per \u00e9quipe, operatori pastorali ed educatori dei vari servizi che lavorano nell&#8217;ambito dell&#8217;inclusione e della disabilit\u00e0, promosso dall&#8217;Istituto di Catechetica della Facolt\u00e0 di Scienze dell&#8217;Educazione dell&#8217;Universit\u00e0 Pontificia Salesiana, in collaborazione con il Servizio Nazionale per la Pastorale delle Persone con disabilit\u00e0 della Conferenza Episcopale Italiana, che si svolger\u00e0 [&hellip;]","protected":false},"author":2,"featured_media":2803,"comment_status":"closed","ping_status":"closed","sticky":false,"template":"","format":"standard","meta":{"_acf_changed":false,"footnotes":""},"categories":[20,32,13,4],"tags":[],"class_list":["post-5077","post","type-post","status-publish","format-standard","has-post-thumbnail","hentry","category-catechesi-e-disabilita","category-formazione-catechisti","category-in_evidenza","category-notizie"],"acf":[],"_links":{"self":[{"href":"https:\/\/www.diocesidiroma.it\/catechistico\/index.php\/wp-json\/wp\/v2\/posts\/5077","targetHints":{"allow":["GET"]}}],"collection":[{"href":"https:\/\/www.diocesidiroma.it\/catechistico\/index.php\/wp-json\/wp\/v2\/posts"}],"about":[{"href":"https:\/\/www.diocesidiroma.it\/catechistico\/index.php\/wp-json\/wp\/v2\/types\/post"}],"author":[{"embeddable":true,"href":"https:\/\/www.diocesidiroma.it\/catechistico\/index.php\/wp-json\/wp\/v2\/users\/2"}],"replies":[{"embeddable":true,"href":"https:\/\/www.diocesidiroma.it\/catechistico\/index.php\/wp-json\/wp\/v2\/comments?post=5077"}],"version-history":[{"count":3,"href":"https:\/\/www.diocesidiroma.it\/catechistico\/index.php\/wp-json\/wp\/v2\/posts\/5077\/revisions"}],"predecessor-version":[{"id":5081,"href":"https:\/\/www.diocesidiroma.it\/catechistico\/index.php\/wp-json\/wp\/v2\/posts\/5077\/revisions\/5081"}],"wp:featuredmedia":[{"embeddable":true,"href":"https:\/\/www.diocesidiroma.it\/catechistico\/index.php\/wp-json\/wp\/v2\/media\/2803"}],"wp:attachment":[{"href":"https:\/\/www.diocesidiroma.it\/catechistico\/index.php\/wp-json\/wp\/v2\/media?parent=5077"}],"wp:term":[{"taxonomy":"category","embeddable":true,"href":"https:\/\/www.diocesidiroma.it\/catechistico\/index.php\/wp-json\/wp\/v2\/categories?post=5077"},{"taxonomy":"post_tag","embeddable":true,"href":"https:\/\/www.diocesidiroma.it\/catechistico\/index.php\/wp-json\/wp\/v2\/tags?post=5077"}],"curies":[{"name":"wp","href":"https:\/\/api.w.org\/{rel}","templated":true}]}}