{"id":5232,"date":"2025-01-21T16:00:54","date_gmt":"2025-01-21T15:00:54","guid":{"rendered":"https:\/\/www.diocesidiroma.it\/catechistico\/?p=5232"},"modified":"2025-01-31T10:05:36","modified_gmt":"2025-01-31T09:05:36","slug":"il-corso-di-formazione-permanente-per-catechisti-arte-e-fede-a-roma","status":"publish","type":"post","link":"https:\/\/www.diocesidiroma.it\/catechistico\/index.php\/il-corso-di-formazione-permanente-per-catechisti-arte-e-fede-a-roma\/","title":{"rendered":"Il corso di formazione permanente per catechisti &#8220;Arte e fede a Roma&#8221;"},"content":{"rendered":"<div class=\"td-post-header\"><\/div>\n<div class=\"td-post-content\">\n<div class=\"td-featured-image-rec\">\n<div class=\"td-post-featured-image\">\n<p>Carissimi,<br \/>\nsiamo a rammentare l\u2019imminente inizio del <strong>corso di formazione permanente per catechisti<\/strong> sul tema \u201c<strong><span style=\"color: #ff0000;\">Arte e fede a Roma<\/span><\/strong>\u201d, che si terr\u00e0 da gioved\u00ec 6 febbraio a gioved\u00ec 13 marzo 2025.<br \/>\nL\u2019anno del Giubileo \u00e8 caratterizzato dall\u2019esperienza del pellegrinaggio nelle Basiliche romane. Il corso approfondir\u00e0 il rapporto tra arte e catechesi, e presenter\u00e0 le possibilit\u00e0 che alcuni luoghi di Roma offrono per fare catechesi.<br \/>\n<span style=\"color: #ff0000;\">Il percorso \u00e8 costituito da sei incontri online<\/span> (su piattaforma Cisco Webex, da scaricare gratuitamente sul proprio dispositivo), <span style=\"color: #ff0000;\">ogni gioved\u00ec dalle ore 21.00 alle ore 22.30, e un incontro in presenza (sabato 1\u00b0 marzo 2025, dalle ore 10.00 alle ore 12.30)<\/span> che si terr\u00e0 nella Basilica Papale di San Paolo fuori le Mura.<br \/>\nDi seguito il calendario:<br \/>\n\u2022 incontri online: 6, 13, 20, 27 febbraio; 6, 13 marzo;<br \/>\n\u2022 incontro in presenza: 1\u00b0 marzo.<br \/>\nIl giorno precedente ad ogni incontro online i partecipanti riceveranno le credenziali (diverse per ogni incontro) per accedere al collegamento. Gli incontri online saranno registrati attraverso la piattaforma Cisco Webex: le registrazioni saranno disponibili al termine del corso. Informiamo, infine, che NON \u00e8 previsto il rilascio di alcun attestato di partecipazione e\/o frequenza.<br \/>\nPer aderire a tale iniziativa, \u00e8 necessario inviare una mail all\u2019indirizzo di posta elettronica del Ns. Ufficio (<a href=\"mailto:ufficiocatechistico@diocesidiroma.it\">ufficiocatechistico@diocesidiroma.it<\/a>) e indicare il proprio nominativo, parrocchia di appartenenza e indirizzo mail al quale si desidera ricevere il link per accedere al collegamento online.<br \/>\nRestiamo a disposizione per qualsiasi altra informazione. Vi aspettiamo!<\/p>\n<\/div>\n<\/div>\n<\/div>\n","protected":false},"excerpt":{"rendered":"Carissimi, siamo a rammentare l\u2019imminente inizio del corso di formazione permanente per catechisti sul tema \u201cArte e fede a Roma\u201d, che si terr\u00e0 da gioved\u00ec 6 febbraio a gioved\u00ec 13 marzo 2025. L\u2019anno del Giubileo \u00e8 caratterizzato dall\u2019esperienza del pellegrinaggio nelle Basiliche romane. Il corso approfondir\u00e0 il rapporto tra arte e catechesi, e presenter\u00e0 le [&hellip;]","protected":false},"author":2,"featured_media":5236,"comment_status":"closed","ping_status":"closed","sticky":false,"template":"","format":"standard","meta":{"_acf_changed":false,"footnotes":""},"categories":[32,13,17,4],"tags":[],"class_list":["post-5232","post","type-post","status-publish","format-standard","has-post-thumbnail","hentry","category-formazione-catechisti","category-in_evidenza","category-iniziazione-cristiana","category-notizie"],"acf":[],"_links":{"self":[{"href":"https:\/\/www.diocesidiroma.it\/catechistico\/index.php\/wp-json\/wp\/v2\/posts\/5232","targetHints":{"allow":["GET"]}}],"collection":[{"href":"https:\/\/www.diocesidiroma.it\/catechistico\/index.php\/wp-json\/wp\/v2\/posts"}],"about":[{"href":"https:\/\/www.diocesidiroma.it\/catechistico\/index.php\/wp-json\/wp\/v2\/types\/post"}],"author":[{"embeddable":true,"href":"https:\/\/www.diocesidiroma.it\/catechistico\/index.php\/wp-json\/wp\/v2\/users\/2"}],"replies":[{"embeddable":true,"href":"https:\/\/www.diocesidiroma.it\/catechistico\/index.php\/wp-json\/wp\/v2\/comments?post=5232"}],"version-history":[{"count":6,"href":"https:\/\/www.diocesidiroma.it\/catechistico\/index.php\/wp-json\/wp\/v2\/posts\/5232\/revisions"}],"predecessor-version":[{"id":5251,"href":"https:\/\/www.diocesidiroma.it\/catechistico\/index.php\/wp-json\/wp\/v2\/posts\/5232\/revisions\/5251"}],"wp:featuredmedia":[{"embeddable":true,"href":"https:\/\/www.diocesidiroma.it\/catechistico\/index.php\/wp-json\/wp\/v2\/media\/5236"}],"wp:attachment":[{"href":"https:\/\/www.diocesidiroma.it\/catechistico\/index.php\/wp-json\/wp\/v2\/media?parent=5232"}],"wp:term":[{"taxonomy":"category","embeddable":true,"href":"https:\/\/www.diocesidiroma.it\/catechistico\/index.php\/wp-json\/wp\/v2\/categories?post=5232"},{"taxonomy":"post_tag","embeddable":true,"href":"https:\/\/www.diocesidiroma.it\/catechistico\/index.php\/wp-json\/wp\/v2\/tags?post=5232"}],"curies":[{"name":"wp","href":"https:\/\/api.w.org\/{rel}","templated":true}]}}