{"id":5269,"date":"2025-03-04T11:31:46","date_gmt":"2025-03-04T10:31:46","guid":{"rendered":"https:\/\/www.diocesidiroma.it\/catechistico\/?p=5269"},"modified":"2025-04-28T10:56:24","modified_gmt":"2025-04-28T08:56:24","slug":"assemblea-diocesana-dei-catechisti-istituiti","status":"publish","type":"post","link":"https:\/\/www.diocesidiroma.it\/catechistico\/index.php\/assemblea-diocesana-dei-catechisti-istituiti\/","title":{"rendered":"Assemblea diocesana dei catechisti istituiti"},"content":{"rendered":"<p>Carissimi,<\/p>\n<p>come catechisti sappiamo bene che i vostri cuori e le vostre menti sono presi in questi giorni dall\u2019amore al Santo Padre, nostro Vescovo, e dalla preghiera per lui. Sappiamo bene che state coinvolgendo bambini, ragazzi e genitori in questa preghiera, perch\u00e9 anche la debolezza del Papa \u00e8 un segno per tutti: abbiamo bisogno di Dio per essere forti, ma abbiamo ancor pi\u00f9 bisogno di Lui quando la malattia e la vecchiaia ci impediscono di fare qualsiasi cosa. La catechesi deve sempre ricordare sia la grandezza, sia la piccolezza dell\u2019uomo.<\/p>\n<p>Ma proprio l\u2019amore che portiamo al Papa ci spinge ancora di pi\u00f9, in questi giorni, a dare il meglio di noi. Per questo, come gi\u00e0 annunziato, invitiamo voi catechisti istituiti<strong> all\u2019incontro con S. Em. Rev.ma il Cardinal Vicario Baldassare Reina, sabato 15 marzo 2025, alle ore 10.00, presso la Parrocchia San Tommaso Moro<\/strong> (ingresso, con parcheggio, in Via dei Ramni 40).<\/p>\n<p>In allegato trovate la locandina con il programma della mattinata.<\/p>\n<p><strong>L\u2019invito \u00e8 riservato a voi catechisti istituiti<\/strong> perch\u00e9 in quella sede si tratter\u00e0 proprio di come sia possibile far crescere la comunione con tutti i catechisti delle parrocchie e delle prefetture, e come contribuire ad un annunzio pi\u00f9 incisivo.<\/p>\n<p>In attesa di incontrarci, auguriamo a tutti voi un fruttuoso inizio di Quaresima.<\/p>\n<!-- WP Attachments -->\r\n        <div style=\"width:100%;margin:10px 0 10px 0;\">\r\n            <h3>Allegati<\/h3>\r\n        <ul class=\"post-attachments\"><li class=\"post-attachment mime-application-pdf\"><a href=\"https:\/\/www.diocesidiroma.it\/catechistico\/wp-content\/uploads\/2025\/03\/Locandina_Assemblea-diocesana-dei-catechisti-istituiti.pdf\">Locandina_Assemblea diocesana dei catechisti istituiti<\/a> <small>(997 kB)<\/small><\/li><\/ul><\/div>","protected":false},"excerpt":{"rendered":"Carissimi, come catechisti sappiamo bene che i vostri cuori e le vostre menti sono presi in questi giorni dall\u2019amore al Santo Padre, nostro Vescovo, e dalla preghiera per lui. Sappiamo bene che state coinvolgendo bambini, ragazzi e genitori in questa preghiera, perch\u00e9 anche la debolezza del Papa \u00e8 un segno per tutti: abbiamo bisogno di [&hellip;]","protected":false},"author":2,"featured_media":5364,"comment_status":"closed","ping_status":"closed","sticky":false,"template":"","format":"standard","meta":{"_acf_changed":false,"footnotes":""},"categories":[1,32,13,17,4],"tags":[],"class_list":["post-5269","post","type-post","status-publish","format-standard","has-post-thumbnail","hentry","category-eventi","category-formazione-catechisti","category-in_evidenza","category-iniziazione-cristiana","category-notizie"],"acf":[],"_links":{"self":[{"href":"https:\/\/www.diocesidiroma.it\/catechistico\/index.php\/wp-json\/wp\/v2\/posts\/5269","targetHints":{"allow":["GET"]}}],"collection":[{"href":"https:\/\/www.diocesidiroma.it\/catechistico\/index.php\/wp-json\/wp\/v2\/posts"}],"about":[{"href":"https:\/\/www.diocesidiroma.it\/catechistico\/index.php\/wp-json\/wp\/v2\/types\/post"}],"author":[{"embeddable":true,"href":"https:\/\/www.diocesidiroma.it\/catechistico\/index.php\/wp-json\/wp\/v2\/users\/2"}],"replies":[{"embeddable":true,"href":"https:\/\/www.diocesidiroma.it\/catechistico\/index.php\/wp-json\/wp\/v2\/comments?post=5269"}],"version-history":[{"count":1,"href":"https:\/\/www.diocesidiroma.it\/catechistico\/index.php\/wp-json\/wp\/v2\/posts\/5269\/revisions"}],"predecessor-version":[{"id":5272,"href":"https:\/\/www.diocesidiroma.it\/catechistico\/index.php\/wp-json\/wp\/v2\/posts\/5269\/revisions\/5272"}],"wp:featuredmedia":[{"embeddable":true,"href":"https:\/\/www.diocesidiroma.it\/catechistico\/index.php\/wp-json\/wp\/v2\/media\/5364"}],"wp:attachment":[{"href":"https:\/\/www.diocesidiroma.it\/catechistico\/index.php\/wp-json\/wp\/v2\/media?parent=5269"}],"wp:term":[{"taxonomy":"category","embeddable":true,"href":"https:\/\/www.diocesidiroma.it\/catechistico\/index.php\/wp-json\/wp\/v2\/categories?post=5269"},{"taxonomy":"post_tag","embeddable":true,"href":"https:\/\/www.diocesidiroma.it\/catechistico\/index.php\/wp-json\/wp\/v2\/tags?post=5269"}],"curies":[{"name":"wp","href":"https:\/\/api.w.org\/{rel}","templated":true}]}}