{"id":5478,"date":"2025-09-24T10:24:44","date_gmt":"2025-09-24T08:24:44","guid":{"rendered":"https:\/\/www.diocesidiroma.it\/catechistico\/?p=5478"},"modified":"2026-02-09T12:40:04","modified_gmt":"2026-02-09T11:40:04","slug":"le-proposte-di-formazione-per-i-catechisti-nellanno-pastorale-2025-2026","status":"publish","type":"post","link":"https:\/\/www.diocesidiroma.it\/catechistico\/index.php\/le-proposte-di-formazione-per-i-catechisti-nellanno-pastorale-2025-2026\/","title":{"rendered":"Le proposte di formazione per i catechisti nell&#8217;anno pastorale 2025\/2026"},"content":{"rendered":"<p>&nbsp;<\/p>\n<h1 style=\"text-align: right;\"><em><strong>I corsi online<\/strong><\/em><\/h1>\n<ul>\n<li>\n<h2><span style=\"color: #993300;\"><strong><em>Corso di formazione per i nuovi catechisti: <\/em><\/strong><\/span><\/h2>\n<\/li>\n<\/ul>\n<p>Il Corso \u00e8 rivolto prevalentemente ai nuovi catechisti che si avvicinano per la prima volta alla catechesi all\u2019interno delle nostre parrocchie. I contenuti che tratteremo offrono basi per poter \u201caffrontare\u201d le sfide che oggi si presentano nell\u2019ambito della catechesi dell\u2019iniziazione cristiana.<\/p>\n<p>8 incontri settimanali online<\/p>\n<p>(il gioved\u00ec sera, dalle ore 21.00 alle ore 22.30) su piattaforma Cisco Webex<\/p>\n<p>1 incontro in presenza sabato <strong>29 novembre<\/strong> (luogo da definire)<\/p>\n<p>dalle ore 10.00 alle ore 12.30.<\/p>\n<p><strong>Incontri online<\/strong>: 23, 30 ottobre,<\/p>\n<p>6, 13, 20 novembre,<\/p>\n<p>4, 11 dicembre<\/p>\n<p><em>Link per l\u2019iscrizione: <a href=\"https:\/\/forms.gle\/oKcLmBLmGhwUJgkC8\">https:\/\/forms.gle\/oKcLmBLmGhwUJgkC8<\/a><\/em><\/p>\n<p><strong>Incontri in presenza<\/strong>: 29 novembre (luogo da definire).<\/p>\n<p><em>Link per l\u2019iscrizione:\u00a0 <\/em><a href=\"https:\/\/forms.gle\/WJobA783JCKEa6sS8\"><em>https:\/\/forms.gle\/WJobA783JCKEa6sS8<\/em><\/a><\/p>\n<ul>\n<li>\n<h2><span style=\"color: #993300;\"><strong>Corso di approfondimento biblico<\/strong><\/span><\/h2>\n<\/li>\n<\/ul>\n<h3><span style=\"color: #993300;\"><strong><em>L\u2019utilizzo dell\u2019Antico Testamento nella catechesi<\/em><\/strong><\/span><\/h3>\n<p>Il Corso \u00e8 rivolto a tutti i catechisti che vogliono approfondire alcune tematiche specifiche a partire dall\u2019utilizzo della Scrittura nella catechesi.<\/p>\n<p><strong>4 incontri settimanali online<\/strong>: 5, 12, 19, 26 febbraio.<\/p>\n<p>(il gioved\u00ec sera, dalle ore 21.00 alle ore 22.30) su piattaforma Cisco Webex.<\/p>\n<p><em>\u00a0<\/em><em>Link per l\u2019iscrizione<\/em><em>:<\/em><em>\u00a0 <\/em><a href=\"https:\/\/forms.gle\/5HWuaBBKJXa21UYy5\"><em>https:\/\/forms.gle\/5HWuaBBKJXa21UYy5<\/em><\/a><\/p>\n<ul>\n<li>\n<h2><span style=\"color: #993300;\"><strong>Corso di approfondimento psicopedagogico<\/strong><\/span><\/h2>\n<\/li>\n<\/ul>\n<h3><span style=\"color: #993300;\"><strong><em>Le categorie padre-madre, figlio-fratello nella catechesi, a partire dall&#8217;esperienza familiare oggi.<\/em><\/strong><\/span><\/h3>\n<h3><span style=\"color: #993300;\"><strong><em>Le problematiche dell&#8217;adolescenza oggi: \u00e8 tutto normale o c&#8217;\u00e8 qualcosa di nuovo?<\/em><\/strong><\/span><\/h3>\n<p>Il Corso \u00e8 rivolto a tutti i catechisti che vogliono approfondire alcune tematiche specifiche a partire dall&#8217;esperienza e dalla ricerca degli esperti.<\/p>\n<p><strong>2 incontri settimanali online<\/strong>: 12, 26 marzo.<\/p>\n<p>(il gioved\u00ec sera, dalle ore 21.00 alle ore 22.30) su piattaforma Cisco Webex.<\/p>\n<p><em>\u00a0<\/em><em>Link per l\u2019iscrizione: <a href=\"https:\/\/forms.gle\/YRjfVcUWK7VFDqV66\">https:\/\/forms.gle\/YRjfVcUWK7VFDqV66<\/a><\/em><\/p>\n<ul>\n<li>\n<h2><span style=\"color: #993300;\"><strong>Corso di approfondimento metodologico<\/strong><\/span><\/h2>\n<\/li>\n<\/ul>\n<h3><span style=\"color: #993300;\"><b><i>In collaborazione con i docenti della Pontificia Universit\u00e0 Salesiana<\/i><\/b><\/span><\/h3>\n<p>Il Corso \u00e8 rivolto a tutti i catechisti. A breve sar\u00e0 disponibile il programma.<\/p>\n<p><strong>2 incontri settimanali online<\/strong>: 16, 23 aprile.<\/p>\n<p>(il gioved\u00ec sera, dalle ore 21.00 alle ore 22.30) su piattaforma Cisco Webex.<\/p>\n<p><em>\u00a0<\/em><em>Link per l\u2019iscrizione: <a href=\"https:\/\/forms.gle\/PE8E3uHMtRSFjqUj6\">https:\/\/forms.gle\/PE8E3uHMtRSFjqUj6<\/a><\/em><\/p>\n<ul>\n<li>\n<h2><span style=\"color: #993300;\"><strong>Corso di approfondimento teologico<\/strong><\/span><\/h2>\n<\/li>\n<\/ul>\n<h3><span style=\"color: #993300;\"><b><i>Nella Catechesi si pu\u00f2 parlare ancora di &#8220;peccato&#8221;?<\/i><\/b><\/span><\/h3>\n<p>Il Corso \u00e8 rivolto a tutti i catechisti. A breve sar\u00e0 disponibile il programma.<\/p>\n<p><strong>2 incontri settimanali online<\/strong>: 8, 15 giugno.<\/p>\n<p>(il luned\u00ec sera, dalle ore 21.00 alle ore 22.30) su piattaforma Cisco Webex.<\/p>\n<p><em>\u00a0<\/em><em>Link per l\u2019iscrizione: <a href=\"https:\/\/forms.gle\/jkgDaS6cz9ZF7yEP8\">https:\/\/forms.gle\/jkgDaS6cz9ZF7yEP8<\/a><\/em><\/p>\n<h1 style=\"text-align: right;\"><strong><em>Oltre i corsi online<\/em><\/strong><\/h1>\n<ul>\n<li>\n<h2><span style=\"color: #339966;\"><strong>Incontro diocesano su <em>Catechesi e disabilit\u00e0<\/em><\/strong><\/span><\/h2>\n<\/li>\n<\/ul>\n<p>Oggi nell\u2019ambito della catechesi sono aumentate tante situazioni di persone diversamente abili che si avvicinano alle nostre parrocchie per ricevere i sacramenti dell\u2019iniziazione cristiana. Accogliendo le sfide che ci giungono, sapendo che tutti devono essere accolti nelle nostre realt\u00e0, proponiamo un incontro di formazione che possa garantire la conoscenza di alcuni strumenti utili per vivere la catechesi in armonia e senza pregiudizi.<\/p>\n<p><strong>Sabato 28 marzo 2026 dalle ore 10.00 alle ore 12.30 c\/o\u00a0 <\/strong><strong>Coop. MANSER\u00a0<\/strong> via Acerenza, 4\/C<\/p>\n<ul>\n<li>\n<h2><span style=\"color: #3366ff;\"><strong>Arte e Catechesi <\/strong><\/span><\/h2>\n<\/li>\n<\/ul>\n<h3><span style=\"color: #3366ff;\"><strong><em>I fondamenti della catechesi espressi nell\u2019arte nelle chiese di Roma<\/em><\/strong><\/span><strong><em><span style=\"color: #3366ff;\">\u00a0<\/span> <\/em><\/strong><\/h3>\n<p>In collaborazione con <em>l\u2019Ufficio per la Cultura<\/em>, cercheremo di valorizzare le ricchezze artistiche e culturali della nostra citt\u00e0 di Roma. Non sempre \u00e8 cos\u00ec scontata la conoscenza di alcuni siti che il pi\u00f9 delle volte vengono apprezzati abbondantemente da chi giunge a Roma, poco da noi che ci viviamo. Cercheremo di offrire alcuni elementi che possono aiutare i catechisti ad utilizzare l\u2019arte come strumento di catechesi<\/p>\n<p><strong>4 incontri il sabato mattina, dalle ore 9.45 alle ore 12.45<\/strong><\/p>\n<p><strong>\u00a01<\/strong>8 ottobre 2025 presso il Monastero dei Ss. Quattro Coronati, sul tema: C<em>atechesi kerygmatica e mistagogica<\/em><\/p>\n<p>13 dicembre 2025 presso la Chiesa Ss. Cosma e Damiano, sul tema: <em>I numeri che fanno sintesi<\/em>,<\/p>\n<p>28 febbraio 2026 presso la parrocchia di Santi Fabiano e Venanzio, sul tema: <em>I santi nella catechesi<\/em>,<\/p>\n<p>18 aprile 2026 presso la parrocchia S. Maria in Vallicella, sul tema: <em>La bibbia nella catechesi attraverso la tipologia e i misteri di Cristo.<\/em><\/p>\n<ul>\n<li>\n<h2><span style=\"color: #3366ff;\"><strong>Pellegrinaggio biblico in Grecia<\/strong><\/span><\/h2>\n<\/li>\n<\/ul>\n<p>In questo anno proponiamo un Pellegrinaggio biblico in Grecia sui passi di S. Paolo, aperto a tutti coloro che sono impegnati nell\u2019ambito della catechesi.\u00a0 La Grecia: centro dell\u2019arte, della filosofia, dell\u2019architettura classica. Ha influenzato la civilt\u00e0 romana ed \u00e8 stata fondamento della cultura moderna. Qui sono sorte anche le prime chiese cristiane per l\u2019azione missionaria di San Paolo, come troviamo nel Nuovo Testamento. Un itinerario alla scoperta dell\u2019ambiente in cui il cristianesimo ha trovato le sue radici, come Corinto, e dove si \u00e8 sviluppata la tradizione orientale, come a Meteora.<\/p>\n<p>Periodo individuato: 25 aprile \u2013 2 maggio 2026<\/p>\n<h2><span style=\"color: #800080;\"><em>\u00a0<\/em><strong>Stage di formazione e preghiera per tutti i catechisti<\/strong><\/span><\/h2>\n<p>dal 4 al 6 settembre 2026 ad Assisi<\/p>\n<p>Da alcuni anni stiamo proponendo un percorso di formazione residenziale per catechisti. Si richiede la residenzialit\u00e0 per favorire un lavoro metodologico ed esperienziale che aiuti i catechisti a creare comunione.<\/p>\n","protected":false},"excerpt":{"rendered":"&nbsp; I corsi online Corso di formazione per i nuovi catechisti: Il Corso \u00e8 rivolto prevalentemente ai nuovi catechisti che si avvicinano per la prima volta alla catechesi all\u2019interno delle nostre parrocchie. I contenuti che tratteremo offrono basi per poter \u201caffrontare\u201d le sfide che oggi si presentano nell\u2019ambito della catechesi dell\u2019iniziazione cristiana. 8 incontri settimanali [&hellip;]","protected":false},"author":2,"featured_media":5455,"comment_status":"closed","ping_status":"closed","sticky":false,"template":"","format":"standard","meta":{"_acf_changed":false,"footnotes":""},"categories":[1,32,13,17,4],"tags":[],"class_list":["post-5478","post","type-post","status-publish","format-standard","has-post-thumbnail","hentry","category-eventi","category-formazione-catechisti","category-in_evidenza","category-iniziazione-cristiana","category-notizie"],"acf":[],"_links":{"self":[{"href":"https:\/\/www.diocesidiroma.it\/catechistico\/index.php\/wp-json\/wp\/v2\/posts\/5478","targetHints":{"allow":["GET"]}}],"collection":[{"href":"https:\/\/www.diocesidiroma.it\/catechistico\/index.php\/wp-json\/wp\/v2\/posts"}],"about":[{"href":"https:\/\/www.diocesidiroma.it\/catechistico\/index.php\/wp-json\/wp\/v2\/types\/post"}],"author":[{"embeddable":true,"href":"https:\/\/www.diocesidiroma.it\/catechistico\/index.php\/wp-json\/wp\/v2\/users\/2"}],"replies":[{"embeddable":true,"href":"https:\/\/www.diocesidiroma.it\/catechistico\/index.php\/wp-json\/wp\/v2\/comments?post=5478"}],"version-history":[{"count":14,"href":"https:\/\/www.diocesidiroma.it\/catechistico\/index.php\/wp-json\/wp\/v2\/posts\/5478\/revisions"}],"predecessor-version":[{"id":5528,"href":"https:\/\/www.diocesidiroma.it\/catechistico\/index.php\/wp-json\/wp\/v2\/posts\/5478\/revisions\/5528"}],"wp:featuredmedia":[{"embeddable":true,"href":"https:\/\/www.diocesidiroma.it\/catechistico\/index.php\/wp-json\/wp\/v2\/media\/5455"}],"wp:attachment":[{"href":"https:\/\/www.diocesidiroma.it\/catechistico\/index.php\/wp-json\/wp\/v2\/media?parent=5478"}],"wp:term":[{"taxonomy":"category","embeddable":true,"href":"https:\/\/www.diocesidiroma.it\/catechistico\/index.php\/wp-json\/wp\/v2\/categories?post=5478"},{"taxonomy":"post_tag","embeddable":true,"href":"https:\/\/www.diocesidiroma.it\/catechistico\/index.php\/wp-json\/wp\/v2\/tags?post=5478"}],"curies":[{"name":"wp","href":"https:\/\/api.w.org\/{rel}","templated":true}]}}