{"id":1196,"date":"2013-03-29T08:15:42","date_gmt":"2013-03-29T06:15:42","guid":{"rendered":"http:\/\/www.ucroma.it\/?p=1196"},"modified":"2022-06-08T10:38:36","modified_gmt":"2022-06-08T08:38:36","slug":"32-perche-gesu-e-stato-crocifissato-in-croce","status":"publish","type":"post","link":"https:\/\/www.diocesidiroma.it\/catecumenato\/index.php\/32-perche-gesu-e-stato-crocifissato-in-croce\/","title":{"rendered":"32. Perch\u00e9 Ges\u00f9 \u00e8 stato crocifissato in croce?"},"content":{"rendered":"<p><iframe loading=\"lazy\" width=\"480\" height=\"315\" src=\"https:\/\/www.youtube.com\/embed\/b2oClwQYXko?rel=0\" frameborder=\"0\" allowfullscreen><\/iframe><\/p>\n","protected":false},"excerpt":{"rendered":"","protected":false},"author":2,"featured_media":0,"comment_status":"closed","ping_status":"closed","sticky":false,"template":"","format":"standard","meta":{"footnotes":""},"categories":[26],"tags":[],"class_list":["post-1196","post","type-post","status-publish","format-standard","hentry","category-video-genitori"],"_links":{"self":[{"href":"https:\/\/www.diocesidiroma.it\/catecumenato\/index.php\/wp-json\/wp\/v2\/posts\/1196","targetHints":{"allow":["GET"]}}],"collection":[{"href":"https:\/\/www.diocesidiroma.it\/catecumenato\/index.php\/wp-json\/wp\/v2\/posts"}],"about":[{"href":"https:\/\/www.diocesidiroma.it\/catecumenato\/index.php\/wp-json\/wp\/v2\/types\/post"}],"author":[{"embeddable":true,"href":"https:\/\/www.diocesidiroma.it\/catecumenato\/index.php\/wp-json\/wp\/v2\/users\/2"}],"replies":[{"embeddable":true,"href":"https:\/\/www.diocesidiroma.it\/catecumenato\/index.php\/wp-json\/wp\/v2\/comments?post=1196"}],"version-history":[{"count":1,"href":"https:\/\/www.diocesidiroma.it\/catecumenato\/index.php\/wp-json\/wp\/v2\/posts\/1196\/revisions"}],"predecessor-version":[{"id":3349,"href":"https:\/\/www.diocesidiroma.it\/catecumenato\/index.php\/wp-json\/wp\/v2\/posts\/1196\/revisions\/3349"}],"wp:attachment":[{"href":"https:\/\/www.diocesidiroma.it\/catecumenato\/index.php\/wp-json\/wp\/v2\/media?parent=1196"}],"wp:term":[{"taxonomy":"category","embeddable":true,"href":"https:\/\/www.diocesidiroma.it\/catecumenato\/index.php\/wp-json\/wp\/v2\/categories?post=1196"},{"taxonomy":"post_tag","embeddable":true,"href":"https:\/\/www.diocesidiroma.it\/catecumenato\/index.php\/wp-json\/wp\/v2\/tags?post=1196"}],"curies":[{"name":"wp","href":"https:\/\/api.w.org\/{rel}","templated":true}]}}