{"id":2191,"date":"2018-02-13T15:43:34","date_gmt":"2018-02-13T14:43:34","guid":{"rendered":"http:\/\/www.ucroma.it\/?p=2191"},"modified":"2022-03-15T10:12:22","modified_gmt":"2022-03-15T09:12:22","slug":"rito-dellelezione","status":"publish","type":"post","link":"https:\/\/www.diocesidiroma.it\/catecumenato\/index.php\/rito-dellelezione\/","title":{"rendered":"RITO DELL&#8217;ELEZIONE DEI CATECUMENI"},"content":{"rendered":"<h3><strong>Basilica di S. Giovanni in Laterano<br \/>\nsabato 17 febbraio 2018<br \/>\nCelebrazione presieduta da S. Ecc. Mons. Angelo De Donatis<\/strong><\/h3>\n<p>Vi ricordo l\u2019appuntamento di <strong>sabato 17 febbraio, alle ore 11.00<\/strong>, presso la Sala Conferenze del Pontificio Seminario Maggiore Romano, c\u2019\u00e8 la possibilit\u00e0 del parcheggio interno.<br \/>\nIl <strong>pranzo \u00e8 previsto per le 12.45<\/strong>, alla mensa dell\u2019Universit\u00e0 Lateranense.<br \/>\nAlle <strong>ore 14.30 ci ritroviamo in Basilica<\/strong> per le prove e per incontrare il Vicario di Sua Santit\u00e0, S. Ecc. Mons. Angelo De Donatis, che desidera conoscervi personalmente.<br \/>\n\u00c8 importante la puntualit\u00e0 in Basilica alle 14.30, per chi non \u00e8 presente dalla mattina. <strong>Arrivare puntuali significa prepararsi bene a ci\u00f2 che si deve celebrare.<\/strong>.<br \/>\n<strong>La presenza dei padrini e delle madrine \u00e8 prevista gi\u00e0 dal mattino<\/strong>, perch\u00e9 oltre a partecipare al ritiro, dovranno firmare i registri.<br \/>\nSono invitati alla celebrazione i familiari, le comunit\u00e0 parrocchiali, i catechisti, e tutti coloro che vogliono condividere con i catecumeni questo bel momento.<br \/>\nVi aspettiamo tutti.<\/p>\n","protected":false},"excerpt":{"rendered":"Basilica di S. Giovanni in Laterano sabato 17 febbraio 2018 Celebrazione presieduta da S. Ecc. Mons. Angelo De Donatis Vi ricordo l\u2019appuntamento di sabato 17 febbraio, alle ore 11.00, presso la Sala Conferenze del Pontificio Seminario Maggiore Romano, c\u2019\u00e8 la possibilit\u00e0 del parcheggio interno. Il pranzo \u00e8 previsto per le 12.45, alla mensa dell\u2019Universit\u00e0 Lateranense. [&hellip;]","protected":false},"author":2,"featured_media":0,"comment_status":"closed","ping_status":"closed","sticky":false,"template":"","format":"standard","meta":{"footnotes":""},"categories":[1],"tags":[],"class_list":["post-2191","post","type-post","status-publish","format-standard","hentry","category-eventi"],"_links":{"self":[{"href":"https:\/\/www.diocesidiroma.it\/catecumenato\/index.php\/wp-json\/wp\/v2\/posts\/2191","targetHints":{"allow":["GET"]}}],"collection":[{"href":"https:\/\/www.diocesidiroma.it\/catecumenato\/index.php\/wp-json\/wp\/v2\/posts"}],"about":[{"href":"https:\/\/www.diocesidiroma.it\/catecumenato\/index.php\/wp-json\/wp\/v2\/types\/post"}],"author":[{"embeddable":true,"href":"https:\/\/www.diocesidiroma.it\/catecumenato\/index.php\/wp-json\/wp\/v2\/users\/2"}],"replies":[{"embeddable":true,"href":"https:\/\/www.diocesidiroma.it\/catecumenato\/index.php\/wp-json\/wp\/v2\/comments?post=2191"}],"version-history":[{"count":1,"href":"https:\/\/www.diocesidiroma.it\/catecumenato\/index.php\/wp-json\/wp\/v2\/posts\/2191\/revisions"}],"predecessor-version":[{"id":2411,"href":"https:\/\/www.diocesidiroma.it\/catecumenato\/index.php\/wp-json\/wp\/v2\/posts\/2191\/revisions\/2411"}],"wp:attachment":[{"href":"https:\/\/www.diocesidiroma.it\/catecumenato\/index.php\/wp-json\/wp\/v2\/media?parent=2191"}],"wp:term":[{"taxonomy":"category","embeddable":true,"href":"https:\/\/www.diocesidiroma.it\/catecumenato\/index.php\/wp-json\/wp\/v2\/categories?post=2191"},{"taxonomy":"post_tag","embeddable":true,"href":"https:\/\/www.diocesidiroma.it\/catecumenato\/index.php\/wp-json\/wp\/v2\/tags?post=2191"}],"curies":[{"name":"wp","href":"https:\/\/api.w.org\/{rel}","templated":true}]}}