{"id":2212,"date":"2018-02-22T12:09:12","date_gmt":"2018-02-22T10:09:12","guid":{"rendered":"http:\/\/www.ucroma.it\/?p=2212"},"modified":"2018-02-22T12:09:12","modified_gmt":"2018-02-22T10:09:12","slug":"scuola-biblica-casa-della-parola","status":"publish","type":"post","link":"https:\/\/www.diocesidiroma.it\/catecumenato\/index.php\/scuola-biblica-casa-della-parola\/","title":{"rendered":"Scuola biblica \u201cCasa della Parola\u201d"},"content":{"rendered":"<h3><strong>Venerd\u00ec 23 febbraio inizier\u00e0 il corso<br \/>\nguidato da Padre Innocenzo Gargano<\/strong><\/h3>\n<p><em><strong>Il Profeta Geremia: lettura patristica<\/strong><\/em><br \/>\n<a href=\"http:\/\/www.ucroma.it\/wp-content\/uploads\/2018\/02\/Casa-della-Parola.jpg\"><img loading=\"lazy\" decoding=\"async\" class=\"aligncenter size-medium wp-image-2227\" src=\"http:\/\/www.ucroma.it\/wp-content\/uploads\/2018\/02\/Casa-della-Parola-300x207.jpg\" alt=\"Casa della Parola\" width=\"300\" height=\"207\" \/><\/a><br \/>\n<strong>Lezioni settimanali patristiche si terranno il venerd\u00ec dalle ore 18.00 alle ore 20.00 presso le Suore della Carit\u00e0 di Santa Giovanna Antida, Via Santa Maria in Cosmedin, 5 (possibilit\u00e0 di parcheggio interno in Via della Greca, 11)<\/strong><br \/>\nProgramma degli incontri:<br \/>\n23 febbraio 2018<br \/>\n2, 9, 16, 23 marzo 2018<br \/>\n13, 20, 27 aprile 2018<br \/>\nPer informazioni, tel. al numero 06.69.88.63.01<\/p>\n","protected":false},"excerpt":{"rendered":"Venerd\u00ec 23 febbraio inizier\u00e0 il corso guidato da Padre Innocenzo Gargano Il Profeta Geremia: lettura patristica Lezioni settimanali patristiche si terranno il venerd\u00ec dalle ore 18.00 alle ore 20.00 presso le Suore della Carit\u00e0 di Santa Giovanna Antida, Via Santa Maria in Cosmedin, 5 (possibilit\u00e0 di parcheggio interno in Via della Greca, 11) Programma degli [&hellip;]","protected":false},"author":2,"featured_media":0,"comment_status":"closed","ping_status":"closed","sticky":false,"template":"","format":"standard","meta":{"footnotes":""},"categories":[25],"tags":[],"class_list":["post-2212","post","type-post","status-publish","format-standard","hentry","category-uncategorized"],"_links":{"self":[{"href":"https:\/\/www.diocesidiroma.it\/catecumenato\/index.php\/wp-json\/wp\/v2\/posts\/2212","targetHints":{"allow":["GET"]}}],"collection":[{"href":"https:\/\/www.diocesidiroma.it\/catecumenato\/index.php\/wp-json\/wp\/v2\/posts"}],"about":[{"href":"https:\/\/www.diocesidiroma.it\/catecumenato\/index.php\/wp-json\/wp\/v2\/types\/post"}],"author":[{"embeddable":true,"href":"https:\/\/www.diocesidiroma.it\/catecumenato\/index.php\/wp-json\/wp\/v2\/users\/2"}],"replies":[{"embeddable":true,"href":"https:\/\/www.diocesidiroma.it\/catecumenato\/index.php\/wp-json\/wp\/v2\/comments?post=2212"}],"version-history":[{"count":0,"href":"https:\/\/www.diocesidiroma.it\/catecumenato\/index.php\/wp-json\/wp\/v2\/posts\/2212\/revisions"}],"wp:attachment":[{"href":"https:\/\/www.diocesidiroma.it\/catecumenato\/index.php\/wp-json\/wp\/v2\/media?parent=2212"}],"wp:term":[{"taxonomy":"category","embeddable":true,"href":"https:\/\/www.diocesidiroma.it\/catecumenato\/index.php\/wp-json\/wp\/v2\/categories?post=2212"},{"taxonomy":"post_tag","embeddable":true,"href":"https:\/\/www.diocesidiroma.it\/catecumenato\/index.php\/wp-json\/wp\/v2\/tags?post=2212"}],"curies":[{"name":"wp","href":"https:\/\/api.w.org\/{rel}","templated":true}]}}