{"id":2423,"date":"2019-02-18T13:24:23","date_gmt":"2019-02-18T12:24:23","guid":{"rendered":"https:\/\/www.diocesidiroma.it\/catecumenato\/?p=2423"},"modified":"2022-03-15T10:11:31","modified_gmt":"2022-03-15T09:11:31","slug":"incontro-per-i-catecumeni-del-ii-anno-e-i-loro-catechisti-24-02-2019","status":"publish","type":"post","link":"https:\/\/www.diocesidiroma.it\/catecumenato\/index.php\/incontro-per-i-catecumeni-del-ii-anno-e-i-loro-catechisti-24-02-2019\/","title":{"rendered":"Incontro per i Catecumeni del II anno e i loro Catechisti &#8211; 24\/02\/2019"},"content":{"rendered":"<p><span style=\"color: #3366ff;\">Carissimi catechisti e catecumeni, <\/span><br \/>\n<span style=\"color: #3366ff;\">siamo giunti a un importante incontro: la preparazione al Rito di Elezione!<\/span><\/p>\n<p><span style=\"color: #3366ff;\">Ci incontreremo<strong> domenica 24 febbraio, dalle 16.00 alle 18.00, presso la Sala Conferenze del Pontificio Seminario Romano Maggiore<\/strong>, in Piazza San Giovanni in Laterano, 4. Come sempre con la possibilit\u00e0 del parcheggio interno.<\/span><\/p>\n<p><span style=\"color: #3366ff;\"><span style=\"text-decoration: underline;\">Di seguito alcune note tecniche<\/span>:<\/span><br \/>\n<span style=\"color: #3366ff;\">\u2022 Per chi non avesse ancora consegnato la seconda scheda di Elezione e la lettera indirizzata al Vescovo di Settore pu\u00f2 farlo domenica.<\/span><br \/>\n<span style=\"color: #3366ff;\">\u2022 Avete celebrato il Rito di Ammissione al Catecumenato nella vostra parrocchia?<\/span><br \/>\n<span style=\"color: #3366ff;\">\u2022 I catecumeni sono stati presentati al proprio Vescovo di Settore?<\/span><br \/>\n<span style=\"color: #3366ff;\">\u2022 Ai Riti che celebreremo in Cattedrale (Basilica di San Giovanni in Laterano) con S.E. Mons. Gianrico Ruzza sono invitate le comunit\u00e0 parrocchiali.<\/span><br \/>\n<span style=\"color: #3366ff;\">\u2022 Per la scelta del padrino\/madrina di seguito \u00e8 riportato il Can. 874 del Codice di Diritto Canonico:<\/span><br \/>\n<span style=\"color: #3366ff;\"><em>\u00a71. Perch\u00e9 uno possa essere ammesso all&#8217;incarico di padrino, \u00e8 necessario che: <\/em><\/span><br \/>\n<span style=\"color: #3366ff;\"><em>1) sia designato dallo stesso battezzando o da chi ne fa le veci oppure, mancando questi, dal parroco o dal ministro e abbia l&#8217;attitudine e l&#8217;intenzione di esercitare questo incarico;<\/em><\/span><br \/>\n<span style=\"color: #3366ff;\"><em>2) abbia compiuto i sedici anni, a meno che dal Vescovo diocesano non sia stata stabilita un&#8217;altra et\u00e0, oppure al parroco o al ministro non sembri opportuno, per giusta causa, ammettere l&#8217;eccezione;<\/em><\/span><br \/>\n<span style=\"color: #3366ff;\"><em>3) sia cattolico, abbia gi\u00e0 ricevuto la confermazione e il santissimo sacramento dell&#8217;Eucaristia, e conduca una vita conforme alla fede e all&#8217;incarico che assume;<\/em><\/span><br \/>\n<span style=\"color: #3366ff;\"><em>4) non sia irretito da alcuna pena canonica legittimamente inflitta o dichiarata;<\/em><\/span><br \/>\n<span style=\"color: #3366ff;\"><em>5) non sia il padre o la madre del battezzando.<\/em><\/span><br \/>\n<span style=\"color: #3366ff;\"><em>\u00a72. Non venga ammesso un battezzato che appartenga ad una comunit\u00e0 ecclesiale non cattolica, se non insieme ad un padrino cattolico e soltanto come testimone del battesimo.<\/em><\/span><br \/>\n<span style=\"color: #3366ff;\">\u2022 Per l\u2019alba (camice) che i catecumeni dovranno indossare nella notte di Pasqua, potete rivolgervi a qualche sarta di vostra conoscenza e, in tal caso, siamo disposti a fornirvi il modello dell\u2019alba. Se non conoscete nessuno, vi segnaliamo una parrocchia che da qualche anno ha attivato una sartoria per aiutare persone che sono in difficolt\u00e0 economica. La sartoria \u00e8 situata presso la parrocchia S. Francesca Romana e il costo della veste, incluso il prezzo della stoffa \u00e8 di 50 \u20ac. Per chi fosse interessato vi inoltreremo il numero di telefono oppure l\u2019indirizzo e-mail.<\/span><br \/>\n<span style=\"color: #3366ff;\">\u2022 Abbiamo iniziato a contattarvi telefonicamente per avere conferma che i catecumeni del II anno ricevano i Sacramenti dell\u2019iniziazione cristiana nella Pasqua del 2019. Ma ci sono ancora tante telefonate da fare. Se i vostri catecumeni hanno interrotto il cammino oppure dovete segnalarci altri problemi, potete farlo voi stessi, scrivendoci una e-mail.<\/span><\/p>\n<p style=\"text-align: right;\"><span style=\"color: #3366ff;\">Per qualsiasi cosa restiamo a vostra diposizione<\/span><\/p>\n<p style=\"text-align: right;\"><span style=\"color: #3366ff;\">suor Pina Ester De Prisco e don Andrea Cavallini<\/span><\/p>\n","protected":false},"excerpt":{"rendered":"Carissimi catechisti e catecumeni, siamo giunti a un importante incontro: la preparazione al Rito di Elezione! Ci incontreremo domenica 24 febbraio, dalle 16.00 alle 18.00, presso la Sala Conferenze del Pontificio Seminario Romano Maggiore, in Piazza San Giovanni in Laterano, 4. Come sempre con la possibilit\u00e0 del parcheggio interno. Di seguito alcune note tecniche: \u2022 [&hellip;]","protected":false},"author":2,"featured_media":2346,"comment_status":"closed","ping_status":"open","sticky":false,"template":"","format":"standard","meta":{"footnotes":""},"categories":[1],"tags":[],"class_list":["post-2423","post","type-post","status-publish","format-standard","has-post-thumbnail","hentry","category-eventi"],"_links":{"self":[{"href":"https:\/\/www.diocesidiroma.it\/catecumenato\/index.php\/wp-json\/wp\/v2\/posts\/2423","targetHints":{"allow":["GET"]}}],"collection":[{"href":"https:\/\/www.diocesidiroma.it\/catecumenato\/index.php\/wp-json\/wp\/v2\/posts"}],"about":[{"href":"https:\/\/www.diocesidiroma.it\/catecumenato\/index.php\/wp-json\/wp\/v2\/types\/post"}],"author":[{"embeddable":true,"href":"https:\/\/www.diocesidiroma.it\/catecumenato\/index.php\/wp-json\/wp\/v2\/users\/2"}],"replies":[{"embeddable":true,"href":"https:\/\/www.diocesidiroma.it\/catecumenato\/index.php\/wp-json\/wp\/v2\/comments?post=2423"}],"version-history":[{"count":2,"href":"https:\/\/www.diocesidiroma.it\/catecumenato\/index.php\/wp-json\/wp\/v2\/posts\/2423\/revisions"}],"predecessor-version":[{"id":2607,"href":"https:\/\/www.diocesidiroma.it\/catecumenato\/index.php\/wp-json\/wp\/v2\/posts\/2423\/revisions\/2607"}],"wp:featuredmedia":[{"embeddable":true,"href":"https:\/\/www.diocesidiroma.it\/catecumenato\/index.php\/wp-json\/wp\/v2\/media\/2346"}],"wp:attachment":[{"href":"https:\/\/www.diocesidiroma.it\/catecumenato\/index.php\/wp-json\/wp\/v2\/media?parent=2423"}],"wp:term":[{"taxonomy":"category","embeddable":true,"href":"https:\/\/www.diocesidiroma.it\/catecumenato\/index.php\/wp-json\/wp\/v2\/categories?post=2423"},{"taxonomy":"post_tag","embeddable":true,"href":"https:\/\/www.diocesidiroma.it\/catecumenato\/index.php\/wp-json\/wp\/v2\/tags?post=2423"}],"curies":[{"name":"wp","href":"https:\/\/api.w.org\/{rel}","templated":true}]}}