{"id":3037,"date":"2021-12-10T09:09:54","date_gmt":"2021-12-10T08:09:54","guid":{"rendered":"https:\/\/www.diocesidiroma.it\/catecumenato\/?p=3037"},"modified":"2022-05-18T17:11:22","modified_gmt":"2022-05-18T15:11:22","slug":"domenica-12-dicembre-2021-incontro-di-formazione-per-i-catecumeni-del-secondo-anno","status":"publish","type":"post","link":"https:\/\/www.diocesidiroma.it\/catecumenato\/index.php\/domenica-12-dicembre-2021-incontro-di-formazione-per-i-catecumeni-del-secondo-anno\/","title":{"rendered":"Domenica 12 dicembre 2021 &#8211; Incontro di formazione per i catecumeni del secondo anno"},"content":{"rendered":"<p>Carissimi catechisti e catecumeni,<\/p>\n<p>siamo giunti al nostro secondo incontro!<\/p>\n<p>Il tempo liturgico dell\u2019Avvento non ci prepara semplicemente alla celebrazione del Natale, ma ancora di pi\u00f9, ci ricorda che l\u2019uomo credente vive e abita la storia con lo spirito di colui che si lascia sorprendere dal fatto che essa \u00e8 continuamente visitata dalla presenza di Dio. La quotidianit\u00e0 \u00e8 il tempo dove Dio si manifesta ancora oggi. \u00c8 il luogo nel quale poter accorgersi che Egli continua a prendersi cura di noi sempre e nonostante tutto. Con la certezza nel cuore di essere amati e curati continuiamo il nostro cammino che ci condurr\u00e0 a ricevere la vita nuova in Cristo.<\/p>\n<p>Nella bellezza dell\u2019Avvento ci vedremo domenica <strong>12 dicembre, ore 16.00-18.00<\/strong>, presso la <strong>Sala Tiberiade del Pontificio Seminario Romano<\/strong> <strong>Maggiore <\/strong>(Piazza San Giovanni in Laterano, 4).<\/p>\n<p>Chiediamo ai catechisti di accompagnare i catecumeni e, se non fosse possibile, di farsi sostituire da una persona di riferimento della comunit\u00e0 parrocchiale sia perch\u00e9 i catecumeni vanno accompagnati nelle loro tappe, anche diocesane, sia perch\u00e9 nel corso degli incontri daremo sempre delle indicazioni logistiche e di contenuto da tener presente durante il cammino. Vi invitiamo, dunque, ad essere presenti, ricordando che la partecipazione non \u00e8 facoltativa.<\/p>\n<p>Se qualcuno dei catecumeni ha interrotto il cammino o ci sono altre difficolt\u00e0, vi chiediamo di comunicarlo al pi\u00f9 presto, possibilmente scrivendoci un\u2019email all\u2019indirizzo: <a href=\"mailto:catecumenato@diocesidiroma.it\">catecumenato@diocesidiroma.it.<\/a><\/p>\n<p>Maria Santissima, donna dell\u2019attesa, accompagni i nostri passi in questo nuovo anno liturgico da poco iniziato e ci custodisca nel cammino che stiamo condividendo.<\/p>\n<p>Alcune note tecniche:<\/p>\n<ul>\n<li>nel rispetto delle norme anti-Covid, all\u2019ingresso presenterete il c.d. &#8220;green pass&#8221;, oppure l\u2019esito negativo di un tampone effettuato nelle 48 ore precedenti; prima di entrare in sala sarete invitati a igienizzarvi le mani e provvederemo alla misurazione della temperatura;<\/li>\n<li>la mascherina dovr\u00e0 essere usata correttamente per tutto il tempo dell\u2019incontro (coprendo naso e bocca);<\/li>\n<li>c\u2019\u00e8 la possibilit\u00e0 di utilizzare il parcheggio interno dell\u2019Universit\u00e0 Lateranense.<\/li>\n<\/ul>\n<p>Per qualsiasi cosa restiamo a vostra diposizione.<\/p>\n<p style=\"text-align: right;\">A presto!<\/p>\n<p style=\"text-align: right;\">suor Rosaria Carpentieri, don Andrea Cavallini<\/p>\n","protected":false},"excerpt":{"rendered":"Carissimi catechisti e catecumeni, siamo giunti al nostro secondo incontro! Il tempo liturgico dell\u2019Avvento non ci prepara semplicemente alla celebrazione del Natale, ma ancora di pi\u00f9, ci ricorda che l\u2019uomo credente vive e abita la storia con lo spirito di colui che si lascia sorprendere dal fatto che essa \u00e8 continuamente visitata dalla presenza di [&hellip;]","protected":false},"author":3,"featured_media":2347,"comment_status":"closed","ping_status":"open","sticky":false,"template":"","format":"standard","meta":{"footnotes":""},"categories":[19,4],"tags":[],"class_list":["post-3037","post","type-post","status-publish","format-standard","has-post-thumbnail","hentry","category-battesimo-adulti","category-notizie"],"_links":{"self":[{"href":"https:\/\/www.diocesidiroma.it\/catecumenato\/index.php\/wp-json\/wp\/v2\/posts\/3037","targetHints":{"allow":["GET"]}}],"collection":[{"href":"https:\/\/www.diocesidiroma.it\/catecumenato\/index.php\/wp-json\/wp\/v2\/posts"}],"about":[{"href":"https:\/\/www.diocesidiroma.it\/catecumenato\/index.php\/wp-json\/wp\/v2\/types\/post"}],"author":[{"embeddable":true,"href":"https:\/\/www.diocesidiroma.it\/catecumenato\/index.php\/wp-json\/wp\/v2\/users\/3"}],"replies":[{"embeddable":true,"href":"https:\/\/www.diocesidiroma.it\/catecumenato\/index.php\/wp-json\/wp\/v2\/comments?post=3037"}],"version-history":[{"count":3,"href":"https:\/\/www.diocesidiroma.it\/catecumenato\/index.php\/wp-json\/wp\/v2\/posts\/3037\/revisions"}],"predecessor-version":[{"id":3107,"href":"https:\/\/www.diocesidiroma.it\/catecumenato\/index.php\/wp-json\/wp\/v2\/posts\/3037\/revisions\/3107"}],"wp:featuredmedia":[{"embeddable":true,"href":"https:\/\/www.diocesidiroma.it\/catecumenato\/index.php\/wp-json\/wp\/v2\/media\/2347"}],"wp:attachment":[{"href":"https:\/\/www.diocesidiroma.it\/catecumenato\/index.php\/wp-json\/wp\/v2\/media?parent=3037"}],"wp:term":[{"taxonomy":"category","embeddable":true,"href":"https:\/\/www.diocesidiroma.it\/catecumenato\/index.php\/wp-json\/wp\/v2\/categories?post=3037"},{"taxonomy":"post_tag","embeddable":true,"href":"https:\/\/www.diocesidiroma.it\/catecumenato\/index.php\/wp-json\/wp\/v2\/tags?post=3037"}],"curies":[{"name":"wp","href":"https:\/\/api.w.org\/{rel}","templated":true}]}}