{"id":3109,"date":"2021-12-21T09:01:06","date_gmt":"2021-12-21T08:01:06","guid":{"rendered":"https:\/\/www.diocesidiroma.it\/catecumenato\/?p=3109"},"modified":"2022-03-08T15:49:16","modified_gmt":"2022-03-08T14:49:16","slug":"auguri-di-un-santo-natale-2","status":"publish","type":"post","link":"https:\/\/www.diocesidiroma.it\/catecumenato\/index.php\/auguri-di-un-santo-natale-2\/","title":{"rendered":"Auguri di un Santo Natale"},"content":{"rendered":"<p>Con l&#8217;occasione, informiamo che durante il periodo delle festivit\u00e0 natalizie l&#8217;Ufficio rimarr\u00e0 chiuso.<\/p>\n<p>Per comunicazioni urgenti \u00e8 possibile inviare una mail al seguente indirizzo di posta elettronica: catecumenato@diocesidiroma.it<\/p>\n<!-- WP Attachments -->\r\n        <div style=\"width:100%;margin:10px 0 10px 0;\">\r\n            <h3>Allegati<\/h3>\r\n        <ul class=\"post-attachments\"><li class=\"post-attachment mime-application-pdf\">   <a target=\"_blank\" href=\"https:\/\/www.diocesidiroma.it\/catecumenato\/wp-content\/uploads\/2021\/12\/natale2021.pdf\">natale2021  \u2022   \u2022 <\/a> <small>21.12.2021  \u2022  413 kB<\/small><\/li><\/ul><\/div>","protected":false},"excerpt":{"rendered":"Con l&#8217;occasione, informiamo che durante il periodo delle festivit\u00e0 natalizie l&#8217;Ufficio rimarr\u00e0 chiuso. Per comunicazioni urgenti \u00e8 possibile inviare una mail al seguente indirizzo di posta elettronica: catecumenato@diocesidiroma.it Allegati natale2021 \u2022 \u2022 21.12.2021 \u2022 413 kB","protected":false},"author":3,"featured_media":3119,"comment_status":"closed","ping_status":"open","sticky":false,"template":"","format":"standard","meta":{"footnotes":""},"categories":[4],"tags":[],"class_list":["post-3109","post","type-post","status-publish","format-standard","has-post-thumbnail","hentry","category-notizie"],"_links":{"self":[{"href":"https:\/\/www.diocesidiroma.it\/catecumenato\/index.php\/wp-json\/wp\/v2\/posts\/3109","targetHints":{"allow":["GET"]}}],"collection":[{"href":"https:\/\/www.diocesidiroma.it\/catecumenato\/index.php\/wp-json\/wp\/v2\/posts"}],"about":[{"href":"https:\/\/www.diocesidiroma.it\/catecumenato\/index.php\/wp-json\/wp\/v2\/types\/post"}],"author":[{"embeddable":true,"href":"https:\/\/www.diocesidiroma.it\/catecumenato\/index.php\/wp-json\/wp\/v2\/users\/3"}],"replies":[{"embeddable":true,"href":"https:\/\/www.diocesidiroma.it\/catecumenato\/index.php\/wp-json\/wp\/v2\/comments?post=3109"}],"version-history":[{"count":3,"href":"https:\/\/www.diocesidiroma.it\/catecumenato\/index.php\/wp-json\/wp\/v2\/posts\/3109\/revisions"}],"predecessor-version":[{"id":3118,"href":"https:\/\/www.diocesidiroma.it\/catecumenato\/index.php\/wp-json\/wp\/v2\/posts\/3109\/revisions\/3118"}],"wp:featuredmedia":[{"embeddable":true,"href":"https:\/\/www.diocesidiroma.it\/catecumenato\/index.php\/wp-json\/wp\/v2\/media\/3119"}],"wp:attachment":[{"href":"https:\/\/www.diocesidiroma.it\/catecumenato\/index.php\/wp-json\/wp\/v2\/media?parent=3109"}],"wp:term":[{"taxonomy":"category","embeddable":true,"href":"https:\/\/www.diocesidiroma.it\/catecumenato\/index.php\/wp-json\/wp\/v2\/categories?post=3109"},{"taxonomy":"post_tag","embeddable":true,"href":"https:\/\/www.diocesidiroma.it\/catecumenato\/index.php\/wp-json\/wp\/v2\/tags?post=3109"}],"curies":[{"name":"wp","href":"https:\/\/api.w.org\/{rel}","templated":true}]}}