{"id":3155,"date":"2022-01-18T07:54:18","date_gmt":"2022-01-18T06:54:18","guid":{"rendered":"https:\/\/www.diocesidiroma.it\/catecumenato\/?p=3155"},"modified":"2022-05-18T17:11:44","modified_gmt":"2022-05-18T15:11:44","slug":"domenica-23-gennaio-2022-pellegrinaggio-a-san-pietro","status":"publish","type":"post","link":"https:\/\/www.diocesidiroma.it\/catecumenato\/index.php\/domenica-23-gennaio-2022-pellegrinaggio-a-san-pietro\/","title":{"rendered":"Domenica 23 gennaio 2022 &#8211; Pellegrinaggio a San Pietro per i catecumeni del primo e secondo anno"},"content":{"rendered":"<p>Carissimi catecumeni e catechisti,<\/p>\n<p>vi invitiamo al prossimo incontro diocesano: un pellegrinaggio a San Pietro.<\/p>\n<p>Vogliamo vivere l&#8217;esperienza di metterci insieme sulle orme dell&#8217;Apostolo Pietro, recandoci alla sua tomba, luogo della sua confessione di fede pi\u00f9 totale. In quel luogo Pietro ha dato la sua vita, l\u00e0 ha compiuto la sua vocazione, ben 30 anni dopo aver conosciuto Ges\u00f9: ma Dio ha pazienza con Pietro, come con ciascuno di noi. Ci mettiamo in ascolto della sua vita per fare esperienza, come anche la nostra vita di fede \u00e8 scandita dagli stessi momenti del capo degli apostoli.<\/p>\n<p>L&#8217;appuntamento \u00e8 per tutti <strong>domenica 23 gennaio p.v., alle ore 14.30<\/strong>, nei pressi dell&#8217;Obelisco in piazza San Pietro; poi entreremo insieme in Basilica.<\/p>\n<p>Nel rispetto delle attuali normative sanitarie vigenti, dal 10 gennaio 2022 \u00e8 necessario avere il c.d. &#8220;green pass rafforzato&#8221; (si intende soltanto la Certificazione verde COVID-19 per vaccinazione o guarigione; il c.d. &#8220;green pass rafforzato&#8221; non include, quindi, l\u2019effettuazione di un test antigenico rapido o molecolare); inoltre, per tutto il tempo in cui staremo insieme \u00e8 obbligatorio indossare la mascherina FFP2.<\/p>\n<p>In attesa di vederci di persona, vi inviamo un caro saluto.<\/p>\n","protected":false},"excerpt":{"rendered":"Carissimi catecumeni e catechisti, vi invitiamo al prossimo incontro diocesano: un pellegrinaggio a San Pietro. Vogliamo vivere l&#8217;esperienza di metterci insieme sulle orme dell&#8217;Apostolo Pietro, recandoci alla sua tomba, luogo della sua confessione di fede pi\u00f9 totale. In quel luogo Pietro ha dato la sua vita, l\u00e0 ha compiuto la sua vocazione, ben 30 anni [&hellip;]","protected":false},"author":3,"featured_media":2347,"comment_status":"closed","ping_status":"open","sticky":false,"template":"","format":"standard","meta":{"footnotes":""},"categories":[19,4],"tags":[],"class_list":["post-3155","post","type-post","status-publish","format-standard","has-post-thumbnail","hentry","category-battesimo-adulti","category-notizie"],"_links":{"self":[{"href":"https:\/\/www.diocesidiroma.it\/catecumenato\/index.php\/wp-json\/wp\/v2\/posts\/3155","targetHints":{"allow":["GET"]}}],"collection":[{"href":"https:\/\/www.diocesidiroma.it\/catecumenato\/index.php\/wp-json\/wp\/v2\/posts"}],"about":[{"href":"https:\/\/www.diocesidiroma.it\/catecumenato\/index.php\/wp-json\/wp\/v2\/types\/post"}],"author":[{"embeddable":true,"href":"https:\/\/www.diocesidiroma.it\/catecumenato\/index.php\/wp-json\/wp\/v2\/users\/3"}],"replies":[{"embeddable":true,"href":"https:\/\/www.diocesidiroma.it\/catecumenato\/index.php\/wp-json\/wp\/v2\/comments?post=3155"}],"version-history":[{"count":8,"href":"https:\/\/www.diocesidiroma.it\/catecumenato\/index.php\/wp-json\/wp\/v2\/posts\/3155\/revisions"}],"predecessor-version":[{"id":3165,"href":"https:\/\/www.diocesidiroma.it\/catecumenato\/index.php\/wp-json\/wp\/v2\/posts\/3155\/revisions\/3165"}],"wp:featuredmedia":[{"embeddable":true,"href":"https:\/\/www.diocesidiroma.it\/catecumenato\/index.php\/wp-json\/wp\/v2\/media\/2347"}],"wp:attachment":[{"href":"https:\/\/www.diocesidiroma.it\/catecumenato\/index.php\/wp-json\/wp\/v2\/media?parent=3155"}],"wp:term":[{"taxonomy":"category","embeddable":true,"href":"https:\/\/www.diocesidiroma.it\/catecumenato\/index.php\/wp-json\/wp\/v2\/categories?post=3155"},{"taxonomy":"post_tag","embeddable":true,"href":"https:\/\/www.diocesidiroma.it\/catecumenato\/index.php\/wp-json\/wp\/v2\/tags?post=3155"}],"curies":[{"name":"wp","href":"https:\/\/api.w.org\/{rel}","templated":true}]}}