{"id":3201,"date":"2022-02-25T20:18:14","date_gmt":"2022-02-25T19:18:14","guid":{"rendered":"https:\/\/www.diocesidiroma.it\/catecumenato\/?p=3201"},"modified":"2022-05-18T17:12:03","modified_gmt":"2022-05-18T15:12:03","slug":"rito-dellelezione-sabato-5-marzo-2022","status":"publish","type":"post","link":"https:\/\/www.diocesidiroma.it\/catecumenato\/index.php\/rito-dellelezione-sabato-5-marzo-2022\/","title":{"rendered":"Sabato 5 marzo 2022: Rito dell&#8217;Elezione per i catecumeni che riceveranno i sacramenti dell&#8217;Iniziazione Cristiana nella prossima Veglia di Pasqua"},"content":{"rendered":"<div style=\"margin: 0px; color: #212121; text-transform: none; text-indent: 0px; letter-spacing: normal; font-family: wf_segoe-ui_normal, 'Segoe UI', 'Segoe WP', Tahoma, Arial, sans-serif, serif, EmojiFont; font-size: 15px; font-style: normal; font-weight: 400; word-spacing: 0px; white-space: normal; orphans: 2; widows: 2; background-color: #ffffff; font-variant-ligatures: normal; font-variant-caps: normal; -webkit-text-stroke-width: 0px; text-decoration-thickness: initial; text-decoration-style: initial; text-decoration-color: initial;\" align=\"justify\"><span style=\"font-family: Calibri,sans-serif; font-size: small;\"><span style=\"font-family: Goudy Old Style,serif; font-size: medium;\">Carissimi catecumeni e catechisti, bentrovati!<\/span><\/span><\/div>\n<div style=\"margin: 0px; color: #212121; text-transform: none; text-indent: 35.4pt; letter-spacing: normal; font-family: wf_segoe-ui_normal, 'Segoe UI', 'Segoe WP', Tahoma, Arial, sans-serif, serif, EmojiFont; font-size: 15px; font-style: normal; font-weight: 400; word-spacing: 0px; white-space: normal; orphans: 2; widows: 2; background-color: #ffffff; font-variant-ligatures: normal; font-variant-caps: normal; -webkit-text-stroke-width: 0px; text-decoration-thickness: initial; text-decoration-style: initial; text-decoration-color: initial;\" align=\"justify\"><span style=\"font-family: Calibri,sans-serif; font-size: small;\"><span style=\"font-family: Goudy Old Style,serif; font-size: medium;\">Mercoled\u00ec 2 marzo p.v., con la celebrazione del Rito delle Ceneri, inizier\u00e0 la Quaresima, un tempo liturgico particolarmente importante, che vi introduce nella \u201cpreparazione prossima\u201d e che si concluder\u00e0 per voi con il conferimento dei sacramenti dell\u2019Iniziazione Cristiana nella Veglia di Pasqua.<\/span><\/span><\/div>\n<div style=\"margin: 0px; color: #212121; text-transform: none; text-indent: 35.4pt; letter-spacing: normal; font-family: wf_segoe-ui_normal, 'Segoe UI', 'Segoe WP', Tahoma, Arial, sans-serif, serif, EmojiFont; font-size: 15px; font-style: normal; font-weight: 400; word-spacing: 0px; white-space: normal; orphans: 2; widows: 2; background-color: #ffffff; font-variant-ligatures: normal; font-variant-caps: normal; -webkit-text-stroke-width: 0px; text-decoration-thickness: initial; text-decoration-style: initial; text-decoration-color: initial;\" align=\"justify\"><span style=\"font-family: Calibri,sans-serif; font-size: small;\"><span style=\"font-family: Goudy Old Style,serif; font-size: medium;\">Ci ritroveremo sabato\u00a0<\/span><span style=\"font-family: Goudy Old Style,serif; font-size: medium;\"><b>5 marzo 2022<\/b><\/span><span style=\"font-family: Goudy Old Style,serif; font-size: medium;\">, nella Basilica di San Giovanni in Laterano,<\/span><span style=\"font-family: Goudy Old Style,serif; font-size: medium;\"><b>\u00a0<\/b><\/span><span style=\"font-family: Goudy Old Style,serif; font-size: medium;\">per il\u00a0<\/span><span style=\"font-family: Goudy Old Style,serif; font-size: medium;\"><b>Rito dell\u2019Elezione<\/b> (<strong>o<\/strong><b> dell&#8217;Iscrizione del Nome<\/b>)<\/span><span style=\"font-family: Goudy Old Style,serif; font-size: medium;\">. La celebrazione eucaristica, con inizio alle ore 17.30, sar\u00e0 presieduta dal Cardinale Vicario Angelo De Donatis.<\/span><\/span><\/div>\n<div style=\"margin: 0px; color: #212121; text-transform: none; text-indent: 35.4pt; letter-spacing: normal; font-family: wf_segoe-ui_normal, 'Segoe UI', 'Segoe WP', Tahoma, Arial, sans-serif, serif, EmojiFont; font-size: 15px; font-style: normal; font-weight: 400; word-spacing: 0px; white-space: normal; orphans: 2; widows: 2; background-color: #ffffff; font-variant-ligatures: normal; font-variant-caps: normal; -webkit-text-stroke-width: 0px; text-decoration-thickness: initial; text-decoration-style: initial; text-decoration-color: initial;\" align=\"justify\"><span style=\"font-family: Calibri,sans-serif; font-size: small;\"><span style=\"font-family: Goudy Old Style,serif; font-size: medium;\">Gli appuntamenti, per tale circostanza, sono diversi per i catecumeni e per gli altri:<\/span><\/span><\/div>\n<div style=\"margin: 0px; color: #212121; text-transform: none; text-indent: 35.4pt; letter-spacing: normal; font-family: wf_segoe-ui_normal, 'Segoe UI', 'Segoe WP', Tahoma, Arial, sans-serif, serif, EmojiFont; font-size: 15px; font-style: normal; font-weight: 400; word-spacing: 0px; white-space: normal; orphans: 2; widows: 2; background-color: #ffffff; font-variant-ligatures: normal; font-variant-caps: normal; -webkit-text-stroke-width: 0px; text-decoration-thickness: initial; text-decoration-style: initial; text-decoration-color: initial;\" align=\"justify\"><span style=\"font-family: Calibri,sans-serif; font-size: small;\"><span style=\"font-family: Goudy Old Style,serif; font-size: medium;\">&#8211; con<\/span><span style=\"font-family: Goudy Old Style,serif; font-size: medium;\"><b>\u00a0i catecumeni ci incontriamo alle ore 14.00, all\u2019interno della Basilica, davanti all\u2019Altare<\/b><\/span><span style=\"font-family: Goudy Old Style,serif; font-size: medium;\">;<\/span><\/span><\/div>\n<div style=\"margin: 0px; color: #212121; text-transform: none; text-indent: 35.4pt; letter-spacing: normal; font-family: wf_segoe-ui_normal, 'Segoe UI', 'Segoe WP', Tahoma, Arial, sans-serif, serif, EmojiFont; font-size: 15px; font-style: normal; font-weight: 400; word-spacing: 0px; white-space: normal; orphans: 2; widows: 2; background-color: #ffffff; font-variant-ligatures: normal; font-variant-caps: normal; -webkit-text-stroke-width: 0px; text-decoration-thickness: initial; text-decoration-style: initial; text-decoration-color: initial;\" align=\"justify\"><span style=\"font-family: Calibri,sans-serif; font-size: small;\"><span style=\"font-family: Goudy Old Style,serif; font-size: medium;\">&#8211; i padrini e le madrine, insieme ai catechisti, possono arrivare in Basilica alle ore 16.15, cos\u00ec da avere modo di firmare il registro dei catecumeni (la firma avviene nella Cappella di San Francesco, nella navata sinistra della Basilica). Dopo aver firmato il registro, i padrini e i catechisti prenderanno posto per iniziare la preparazione del Rito previsto dalla liturgia.<\/span><\/span><\/div>\n<div style=\"margin: 0px; color: #212121; text-transform: none; text-indent: 35.4pt; letter-spacing: normal; font-family: wf_segoe-ui_normal, 'Segoe UI', 'Segoe WP', Tahoma, Arial, sans-serif, serif, EmojiFont; font-size: 15px; font-style: normal; font-weight: 400; word-spacing: 0px; white-space: normal; orphans: 2; widows: 2; background-color: #ffffff; font-variant-ligatures: normal; font-variant-caps: normal; -webkit-text-stroke-width: 0px; text-decoration-thickness: initial; text-decoration-style: initial; text-decoration-color: initial;\" align=\"justify\"><span style=\"font-family: Calibri,sans-serif; font-size: small;\"><span style=\"font-family: Goudy Old Style,serif; font-size: medium;\">Invitiamo i parroci, le comunit\u00e0 parrocchiali, i parenti e gli amici dei catecumeni a partecipare alla celebrazione, perch\u00e9 \u00e8 un momento di grande importanza e gioia che deve essere condiviso con l\u2019intera comunit\u00e0.<\/span><\/span><\/div>\n<div style=\"margin: 0px; color: #212121; text-transform: none; text-indent: 35.4pt; letter-spacing: normal; font-family: wf_segoe-ui_normal, 'Segoe UI', 'Segoe WP', Tahoma, Arial, sans-serif, serif, EmojiFont; font-size: 15px; font-style: normal; font-weight: 400; word-spacing: 0px; white-space: normal; orphans: 2; widows: 2; background-color: #ffffff; font-variant-ligatures: normal; font-variant-caps: normal; -webkit-text-stroke-width: 0px; text-decoration-thickness: initial; text-decoration-style: initial; text-decoration-color: initial;\" align=\"justify\"><span style=\"font-family: Calibri,sans-serif; font-size: small;\"><span style=\"font-family: Goudy Old Style,serif; font-size: medium;\">I sacerdoti che desiderano concelebrare sono pregati di arrivare entro le ore 17.15, portando il camice e la stola viola che indosseranno in Basilica al proprio posto che verr\u00e0 loro indicato.<\/span><\/span><\/div>\n<div style=\"margin: 0px; color: #212121; text-transform: none; text-indent: 35.4pt; letter-spacing: normal; font-family: wf_segoe-ui_normal, 'Segoe UI', 'Segoe WP', Tahoma, Arial, sans-serif, serif, EmojiFont; font-size: 15px; font-style: normal; font-weight: 400; word-spacing: 0px; white-space: normal; orphans: 2; widows: 2; background-color: #ffffff; font-variant-ligatures: normal; font-variant-caps: normal; -webkit-text-stroke-width: 0px; text-decoration-thickness: initial; text-decoration-style: initial; text-decoration-color: initial;\" align=\"justify\"><span style=\"font-family: Calibri,sans-serif; font-size: small;\"><span style=\"font-family: Goudy Old Style,serif; font-size: medium;\">Come sempre potrete usufruire del parcheggio interno dell\u2019Universit\u00e0 Lateranense.<\/span><\/span><\/div>\n<div style=\"margin: 0px; color: #212121; text-transform: none; text-indent: 35.4pt; letter-spacing: normal; font-family: wf_segoe-ui_normal, 'Segoe UI', 'Segoe WP', Tahoma, Arial, sans-serif, serif, EmojiFont; font-size: 15px; font-style: normal; font-weight: 400; word-spacing: 0px; white-space: normal; orphans: 2; widows: 2; background-color: #ffffff; font-variant-ligatures: normal; font-variant-caps: normal; -webkit-text-stroke-width: 0px; text-decoration-thickness: initial; text-decoration-style: initial; text-decoration-color: initial;\" align=\"justify\"><span style=\"font-family: Calibri,sans-serif; font-size: small;\"><span style=\"font-family: Goudy Old Style,serif; font-size: medium;\">Vi aspettiamo!<\/span><\/span><\/div>\n","protected":false},"excerpt":{"rendered":"Carissimi catecumeni e catechisti, bentrovati! Mercoled\u00ec 2 marzo p.v., con la celebrazione del Rito delle Ceneri, inizier\u00e0 la Quaresima, un tempo liturgico particolarmente importante, che vi introduce nella \u201cpreparazione prossima\u201d e che si concluder\u00e0 per voi con il conferimento dei sacramenti dell\u2019Iniziazione Cristiana nella Veglia di Pasqua. Ci ritroveremo sabato\u00a05 marzo 2022, nella Basilica di [&hellip;]","protected":false},"author":3,"featured_media":2347,"comment_status":"closed","ping_status":"open","sticky":false,"template":"","format":"standard","meta":{"footnotes":""},"categories":[19,4],"tags":[],"class_list":["post-3201","post","type-post","status-publish","format-standard","has-post-thumbnail","hentry","category-battesimo-adulti","category-notizie"],"_links":{"self":[{"href":"https:\/\/www.diocesidiroma.it\/catecumenato\/index.php\/wp-json\/wp\/v2\/posts\/3201","targetHints":{"allow":["GET"]}}],"collection":[{"href":"https:\/\/www.diocesidiroma.it\/catecumenato\/index.php\/wp-json\/wp\/v2\/posts"}],"about":[{"href":"https:\/\/www.diocesidiroma.it\/catecumenato\/index.php\/wp-json\/wp\/v2\/types\/post"}],"author":[{"embeddable":true,"href":"https:\/\/www.diocesidiroma.it\/catecumenato\/index.php\/wp-json\/wp\/v2\/users\/3"}],"replies":[{"embeddable":true,"href":"https:\/\/www.diocesidiroma.it\/catecumenato\/index.php\/wp-json\/wp\/v2\/comments?post=3201"}],"version-history":[{"count":5,"href":"https:\/\/www.diocesidiroma.it\/catecumenato\/index.php\/wp-json\/wp\/v2\/posts\/3201\/revisions"}],"predecessor-version":[{"id":3207,"href":"https:\/\/www.diocesidiroma.it\/catecumenato\/index.php\/wp-json\/wp\/v2\/posts\/3201\/revisions\/3207"}],"wp:featuredmedia":[{"embeddable":true,"href":"https:\/\/www.diocesidiroma.it\/catecumenato\/index.php\/wp-json\/wp\/v2\/media\/2347"}],"wp:attachment":[{"href":"https:\/\/www.diocesidiroma.it\/catecumenato\/index.php\/wp-json\/wp\/v2\/media?parent=3201"}],"wp:term":[{"taxonomy":"category","embeddable":true,"href":"https:\/\/www.diocesidiroma.it\/catecumenato\/index.php\/wp-json\/wp\/v2\/categories?post=3201"},{"taxonomy":"post_tag","embeddable":true,"href":"https:\/\/www.diocesidiroma.it\/catecumenato\/index.php\/wp-json\/wp\/v2\/tags?post=3201"}],"curies":[{"name":"wp","href":"https:\/\/api.w.org\/{rel}","templated":true}]}}