{"id":3269,"date":"2022-04-11T11:50:24","date_gmt":"2022-04-11T09:50:24","guid":{"rendered":"https:\/\/www.diocesidiroma.it\/catecumenato\/?p=3269"},"modified":"2022-05-18T17:12:21","modified_gmt":"2022-05-18T15:12:21","slug":"domenica-24-aprile-2022-rito-della-deposizione-della-veste-bianca","status":"publish","type":"post","link":"https:\/\/www.diocesidiroma.it\/catecumenato\/index.php\/domenica-24-aprile-2022-rito-della-deposizione-della-veste-bianca\/","title":{"rendered":"Domenica 24 aprile 2022: Rito della deposizione della veste bianca"},"content":{"rendered":"<p>Carissimi catecumeni eletti, siamo ormai vicini alla Pasqua!<\/p>\n<p>Ci prepariamo a vivere una settimana importante, la Settimana Santa: accompagniamo Ges\u00f9 nella sua Passione, Morte e Risurrezione.<\/p>\n<p>Liturgicamente \u00e8 la settimana pi\u00f9 importante dell\u2019anno. Sono giorni in cui, attraverso la liturgia, ci viene chiesto di predisporre il nostro cuore per comprendere in modo sempre nuovo l\u2019amore misericordioso di Dio Padre donato e rivelato nella Pasqua del Signore Ges\u00f9.<\/p>\n<p>Nella Settimana Santa (ordinariamente la mattina del sabato santo) voi catecumeni vivrete in parrocchia i riti immediatamente preparatori, e nella notte durante la Grande Veglia riceverete ci\u00f2 per cui avete camminato in questi due anni: i sacramenti dell\u2019Iniziazione Cristiana che vi sostengono nel cammino di sequela e di testimonianza.<\/p>\n<p style=\"text-align: left;\">Noi ci rivedremo tutti insieme<\/p>\n<p style=\"text-align: center;\"><strong>domenica 24 aprile p.v., alle ore 16.00<\/strong>,<\/p>\n<p style=\"text-align: center;\">presso la Basilica di San Pancrazio (Piazza di San Pancrazio, 5\/d),<\/p>\n<p>per prepararci a vivere il Rito della deposizione della veste bianca. La celebrazione eucaristica inizier\u00e0 alle ore 17.00 e sar\u00e0 presieduta da S. Ecc. Mons. Paolo Ricciardi, che \u00e8 stato con noi al terzo scrutinio. Sono invitati anche i padrini\/madrine e i catechisti.<\/p>\n<p>Auguriamo a tutti voi di vivere bene questi giorni, preparandovi ad accogliere la grazia della gioia Pasquale e a portare in voi stessi un raggio del suo amore a quanti incontrerete.<\/p>\n<p>&nbsp;<\/p>\n","protected":false},"excerpt":{"rendered":"Carissimi catecumeni eletti, siamo ormai vicini alla Pasqua! Ci prepariamo a vivere una settimana importante, la Settimana Santa: accompagniamo Ges\u00f9 nella sua Passione, Morte e Risurrezione. Liturgicamente \u00e8 la settimana pi\u00f9 importante dell\u2019anno. Sono giorni in cui, attraverso la liturgia, ci viene chiesto di predisporre il nostro cuore per comprendere in modo sempre nuovo l\u2019amore [&hellip;]","protected":false},"author":3,"featured_media":2347,"comment_status":"closed","ping_status":"open","sticky":false,"template":"","format":"standard","meta":{"footnotes":""},"categories":[19,4],"tags":[],"class_list":["post-3269","post","type-post","status-publish","format-standard","has-post-thumbnail","hentry","category-battesimo-adulti","category-notizie"],"_links":{"self":[{"href":"https:\/\/www.diocesidiroma.it\/catecumenato\/index.php\/wp-json\/wp\/v2\/posts\/3269","targetHints":{"allow":["GET"]}}],"collection":[{"href":"https:\/\/www.diocesidiroma.it\/catecumenato\/index.php\/wp-json\/wp\/v2\/posts"}],"about":[{"href":"https:\/\/www.diocesidiroma.it\/catecumenato\/index.php\/wp-json\/wp\/v2\/types\/post"}],"author":[{"embeddable":true,"href":"https:\/\/www.diocesidiroma.it\/catecumenato\/index.php\/wp-json\/wp\/v2\/users\/3"}],"replies":[{"embeddable":true,"href":"https:\/\/www.diocesidiroma.it\/catecumenato\/index.php\/wp-json\/wp\/v2\/comments?post=3269"}],"version-history":[{"count":3,"href":"https:\/\/www.diocesidiroma.it\/catecumenato\/index.php\/wp-json\/wp\/v2\/posts\/3269\/revisions"}],"predecessor-version":[{"id":3272,"href":"https:\/\/www.diocesidiroma.it\/catecumenato\/index.php\/wp-json\/wp\/v2\/posts\/3269\/revisions\/3272"}],"wp:featuredmedia":[{"embeddable":true,"href":"https:\/\/www.diocesidiroma.it\/catecumenato\/index.php\/wp-json\/wp\/v2\/media\/2347"}],"wp:attachment":[{"href":"https:\/\/www.diocesidiroma.it\/catecumenato\/index.php\/wp-json\/wp\/v2\/media?parent=3269"}],"wp:term":[{"taxonomy":"category","embeddable":true,"href":"https:\/\/www.diocesidiroma.it\/catecumenato\/index.php\/wp-json\/wp\/v2\/categories?post=3269"},{"taxonomy":"post_tag","embeddable":true,"href":"https:\/\/www.diocesidiroma.it\/catecumenato\/index.php\/wp-json\/wp\/v2\/tags?post=3269"}],"curies":[{"name":"wp","href":"https:\/\/api.w.org\/{rel}","templated":true}]}}