{"id":3273,"date":"2022-04-12T11:22:17","date_gmt":"2022-04-12T09:22:17","guid":{"rendered":"https:\/\/www.diocesidiroma.it\/catecumenato\/?p=3273"},"modified":"2022-04-12T11:24:18","modified_gmt":"2022-04-12T09:24:18","slug":"auguri-di-una-santa-pasqua-2","status":"publish","type":"post","link":"https:\/\/www.diocesidiroma.it\/catecumenato\/index.php\/auguri-di-una-santa-pasqua-2\/","title":{"rendered":"Auguri di una Santa Pasqua"},"content":{"rendered":"<p>Con l\u2019occasione informiamo che, durante il periodo delle festivit\u00e0 pasquali, l\u2019Ufficio rimarr\u00e0 chiuso al pubblico da gioved\u00ec 14 aprile a mercoled\u00ec 20 aprile 2022.<\/p>\n<p>Per comunicazioni urgenti \u00e8 possibile inviare una mail al seguente indirizzo di posta elettronica: catecumenato@diocesidiroma.it<\/p>\n","protected":false},"excerpt":{"rendered":"Con l\u2019occasione informiamo che, durante il periodo delle festivit\u00e0 pasquali, l\u2019Ufficio rimarr\u00e0 chiuso al pubblico da gioved\u00ec 14 aprile a mercoled\u00ec 20 aprile 2022. Per comunicazioni urgenti \u00e8 possibile inviare una mail al seguente indirizzo di posta elettronica: catecumenato@diocesidiroma.it","protected":false},"author":3,"featured_media":3274,"comment_status":"closed","ping_status":"open","sticky":false,"template":"","format":"standard","meta":{"footnotes":""},"categories":[4],"tags":[],"class_list":["post-3273","post","type-post","status-publish","format-standard","has-post-thumbnail","hentry","category-notizie"],"_links":{"self":[{"href":"https:\/\/www.diocesidiroma.it\/catecumenato\/index.php\/wp-json\/wp\/v2\/posts\/3273","targetHints":{"allow":["GET"]}}],"collection":[{"href":"https:\/\/www.diocesidiroma.it\/catecumenato\/index.php\/wp-json\/wp\/v2\/posts"}],"about":[{"href":"https:\/\/www.diocesidiroma.it\/catecumenato\/index.php\/wp-json\/wp\/v2\/types\/post"}],"author":[{"embeddable":true,"href":"https:\/\/www.diocesidiroma.it\/catecumenato\/index.php\/wp-json\/wp\/v2\/users\/3"}],"replies":[{"embeddable":true,"href":"https:\/\/www.diocesidiroma.it\/catecumenato\/index.php\/wp-json\/wp\/v2\/comments?post=3273"}],"version-history":[{"count":1,"href":"https:\/\/www.diocesidiroma.it\/catecumenato\/index.php\/wp-json\/wp\/v2\/posts\/3273\/revisions"}],"predecessor-version":[{"id":3275,"href":"https:\/\/www.diocesidiroma.it\/catecumenato\/index.php\/wp-json\/wp\/v2\/posts\/3273\/revisions\/3275"}],"wp:featuredmedia":[{"embeddable":true,"href":"https:\/\/www.diocesidiroma.it\/catecumenato\/index.php\/wp-json\/wp\/v2\/media\/3274"}],"wp:attachment":[{"href":"https:\/\/www.diocesidiroma.it\/catecumenato\/index.php\/wp-json\/wp\/v2\/media?parent=3273"}],"wp:term":[{"taxonomy":"category","embeddable":true,"href":"https:\/\/www.diocesidiroma.it\/catecumenato\/index.php\/wp-json\/wp\/v2\/categories?post=3273"},{"taxonomy":"post_tag","embeddable":true,"href":"https:\/\/www.diocesidiroma.it\/catecumenato\/index.php\/wp-json\/wp\/v2\/tags?post=3273"}],"curies":[{"name":"wp","href":"https:\/\/api.w.org\/{rel}","templated":true}]}}