{"id":3473,"date":"2022-10-05T15:41:40","date_gmt":"2022-10-05T13:41:40","guid":{"rendered":"https:\/\/www.diocesidiroma.it\/catecumenato\/?p=3473"},"modified":"2022-10-07T10:03:37","modified_gmt":"2022-10-07T08:03:37","slug":"il-pellegrinaggio-ad-assisi","status":"publish","type":"post","link":"https:\/\/www.diocesidiroma.it\/catecumenato\/index.php\/il-pellegrinaggio-ad-assisi\/","title":{"rendered":"Il pellegrinaggio ad Assisi"},"content":{"rendered":"<p style=\"text-align: center;\"><strong> Fede retta, Speranza certa, Carit\u00e0 perfetta<\/strong><\/p>\n<p>Cos\u00ec potremmo sintetizzare la giornata di domenica 2 ottobre scorso, che ha visto un piccolo gruppo di neofiti e un pi\u00f9 nutrito gruppo di catecumeni (che si preparano a ricevere i sacramenti dell&#8217;Iniziazione Cristiana nella prossima Veglia Pasquale, ad aprile 2023), insieme ad alcuni familiari e catechisti, mettersi in pellegrinaggio sulle orme di San Francesco.<\/p>\n<p>Accompagnati dal Ns. Ufficio e condotti &#8211; per meglio dire, introdotti nella vita del Santo &#8211; da Sr. Rosaria, i pellegrini hanno fatto tappa iniziale a Santa Maria degli Angeli, dove \u00e8 stata celebrata la S. Messa, presieduta da Don Andrea, e successivamente hanno sostato in preghiera presso la Porziuncola.<\/p>\n<p>Dopo il pranzo, il gruppo si \u00e8 spostato alla volta della citt\u00e0 di Assisi e ha fatto tappa presso la Basilica di S. Chiara, sostando in preghiera davanti al Crocifisso di S. Damiano; proseguendo il percorso, \u00e8 stato visitato il Santuario della Spogliazione; infine, la Basilica di S. Francesco, dove i pellegrini hanno potuto sostare e pregare sulla tomba del Santo.<\/p>\n<p>In tarda serata il rientro a Roma.<\/p>\n<div id='gallery-1' class='gallery galleryid-3473 gallery-columns-2 gallery-size-medium'><figure class='gallery-item'>\n\t\t\t<div class='gallery-icon portrait'>\n\t\t\t\t<a href='https:\/\/www.diocesidiroma.it\/catecumenato\/wp-content\/uploads\/2022\/10\/WhatsApp-Image-2022-10-07-at-09.51.09.jpeg'><img loading=\"lazy\" decoding=\"async\" width=\"225\" height=\"300\" src=\"https:\/\/www.diocesidiroma.it\/catecumenato\/wp-content\/uploads\/2022\/10\/WhatsApp-Image-2022-10-07-at-09.51.09-225x300.jpeg\" class=\"attachment-medium size-medium\" alt=\"\" srcset=\"https:\/\/www.diocesidiroma.it\/catecumenato\/wp-content\/uploads\/2022\/10\/WhatsApp-Image-2022-10-07-at-09.51.09-225x300.jpeg 225w, https:\/\/www.diocesidiroma.it\/catecumenato\/wp-content\/uploads\/2022\/10\/WhatsApp-Image-2022-10-07-at-09.51.09-768x1024.jpeg 768w, https:\/\/www.diocesidiroma.it\/catecumenato\/wp-content\/uploads\/2022\/10\/WhatsApp-Image-2022-10-07-at-09.51.09-1152x1536.jpeg 1152w, https:\/\/www.diocesidiroma.it\/catecumenato\/wp-content\/uploads\/2022\/10\/WhatsApp-Image-2022-10-07-at-09.51.09-696x928.jpeg 696w, https:\/\/www.diocesidiroma.it\/catecumenato\/wp-content\/uploads\/2022\/10\/WhatsApp-Image-2022-10-07-at-09.51.09-1068x1424.jpeg 1068w, https:\/\/www.diocesidiroma.it\/catecumenato\/wp-content\/uploads\/2022\/10\/WhatsApp-Image-2022-10-07-at-09.51.09-315x420.jpeg 315w, https:\/\/www.diocesidiroma.it\/catecumenato\/wp-content\/uploads\/2022\/10\/WhatsApp-Image-2022-10-07-at-09.51.09.jpeg 1200w\" sizes=\"auto, (max-width: 225px) 100vw, 225px\" \/><\/a>\n\t\t\t<\/div><\/figure><figure class='gallery-item'>\n\t\t\t<div class='gallery-icon portrait'>\n\t\t\t\t<a href='https:\/\/www.diocesidiroma.it\/catecumenato\/wp-content\/uploads\/2022\/10\/WhatsApp-Image-2022-10-07-at-09.51.08.jpeg'><img loading=\"lazy\" decoding=\"async\" width=\"225\" height=\"300\" src=\"https:\/\/www.diocesidiroma.it\/catecumenato\/wp-content\/uploads\/2022\/10\/WhatsApp-Image-2022-10-07-at-09.51.08-225x300.jpeg\" class=\"attachment-medium size-medium\" alt=\"\" srcset=\"https:\/\/www.diocesidiroma.it\/catecumenato\/wp-content\/uploads\/2022\/10\/WhatsApp-Image-2022-10-07-at-09.51.08-225x300.jpeg 225w, https:\/\/www.diocesidiroma.it\/catecumenato\/wp-content\/uploads\/2022\/10\/WhatsApp-Image-2022-10-07-at-09.51.08-768x1024.jpeg 768w, https:\/\/www.diocesidiroma.it\/catecumenato\/wp-content\/uploads\/2022\/10\/WhatsApp-Image-2022-10-07-at-09.51.08-1152x1536.jpeg 1152w, https:\/\/www.diocesidiroma.it\/catecumenato\/wp-content\/uploads\/2022\/10\/WhatsApp-Image-2022-10-07-at-09.51.08-696x928.jpeg 696w, https:\/\/www.diocesidiroma.it\/catecumenato\/wp-content\/uploads\/2022\/10\/WhatsApp-Image-2022-10-07-at-09.51.08-1068x1424.jpeg 1068w, https:\/\/www.diocesidiroma.it\/catecumenato\/wp-content\/uploads\/2022\/10\/WhatsApp-Image-2022-10-07-at-09.51.08-315x420.jpeg 315w, https:\/\/www.diocesidiroma.it\/catecumenato\/wp-content\/uploads\/2022\/10\/WhatsApp-Image-2022-10-07-at-09.51.08.jpeg 1200w\" sizes=\"auto, (max-width: 225px) 100vw, 225px\" \/><\/a>\n\t\t\t<\/div><\/figure><figure class='gallery-item'>\n\t\t\t<div class='gallery-icon landscape'>\n\t\t\t\t<a href='https:\/\/www.diocesidiroma.it\/catecumenato\/wp-content\/uploads\/2022\/10\/WhatsApp-Image-2022-10-07-at-09.51.08-2.jpeg'><img loading=\"lazy\" decoding=\"async\" width=\"300\" height=\"225\" src=\"https:\/\/www.diocesidiroma.it\/catecumenato\/wp-content\/uploads\/2022\/10\/WhatsApp-Image-2022-10-07-at-09.51.08-2-300x225.jpeg\" class=\"attachment-medium size-medium\" alt=\"\" srcset=\"https:\/\/www.diocesidiroma.it\/catecumenato\/wp-content\/uploads\/2022\/10\/WhatsApp-Image-2022-10-07-at-09.51.08-2-300x225.jpeg 300w, https:\/\/www.diocesidiroma.it\/catecumenato\/wp-content\/uploads\/2022\/10\/WhatsApp-Image-2022-10-07-at-09.51.08-2-1024x768.jpeg 1024w, https:\/\/www.diocesidiroma.it\/catecumenato\/wp-content\/uploads\/2022\/10\/WhatsApp-Image-2022-10-07-at-09.51.08-2-768x576.jpeg 768w, https:\/\/www.diocesidiroma.it\/catecumenato\/wp-content\/uploads\/2022\/10\/WhatsApp-Image-2022-10-07-at-09.51.08-2-1536x1152.jpeg 1536w, https:\/\/www.diocesidiroma.it\/catecumenato\/wp-content\/uploads\/2022\/10\/WhatsApp-Image-2022-10-07-at-09.51.08-2-80x60.jpeg 80w, https:\/\/www.diocesidiroma.it\/catecumenato\/wp-content\/uploads\/2022\/10\/WhatsApp-Image-2022-10-07-at-09.51.08-2-265x198.jpeg 265w, https:\/\/www.diocesidiroma.it\/catecumenato\/wp-content\/uploads\/2022\/10\/WhatsApp-Image-2022-10-07-at-09.51.08-2-696x522.jpeg 696w, https:\/\/www.diocesidiroma.it\/catecumenato\/wp-content\/uploads\/2022\/10\/WhatsApp-Image-2022-10-07-at-09.51.08-2-1068x801.jpeg 1068w, https:\/\/www.diocesidiroma.it\/catecumenato\/wp-content\/uploads\/2022\/10\/WhatsApp-Image-2022-10-07-at-09.51.08-2-560x420.jpeg 560w, https:\/\/www.diocesidiroma.it\/catecumenato\/wp-content\/uploads\/2022\/10\/WhatsApp-Image-2022-10-07-at-09.51.08-2.jpeg 1600w\" sizes=\"auto, (max-width: 300px) 100vw, 300px\" \/><\/a>\n\t\t\t<\/div><\/figure><figure class='gallery-item'>\n\t\t\t<div class='gallery-icon portrait'>\n\t\t\t\t<a href='https:\/\/www.diocesidiroma.it\/catecumenato\/wp-content\/uploads\/2022\/10\/WhatsApp-Image-2022-10-07-at-09.51.08-1.jpeg'><img loading=\"lazy\" decoding=\"async\" width=\"225\" height=\"300\" src=\"https:\/\/www.diocesidiroma.it\/catecumenato\/wp-content\/uploads\/2022\/10\/WhatsApp-Image-2022-10-07-at-09.51.08-1-225x300.jpeg\" class=\"attachment-medium size-medium\" alt=\"\" srcset=\"https:\/\/www.diocesidiroma.it\/catecumenato\/wp-content\/uploads\/2022\/10\/WhatsApp-Image-2022-10-07-at-09.51.08-1-225x300.jpeg 225w, https:\/\/www.diocesidiroma.it\/catecumenato\/wp-content\/uploads\/2022\/10\/WhatsApp-Image-2022-10-07-at-09.51.08-1-768x1024.jpeg 768w, https:\/\/www.diocesidiroma.it\/catecumenato\/wp-content\/uploads\/2022\/10\/WhatsApp-Image-2022-10-07-at-09.51.08-1-1152x1536.jpeg 1152w, https:\/\/www.diocesidiroma.it\/catecumenato\/wp-content\/uploads\/2022\/10\/WhatsApp-Image-2022-10-07-at-09.51.08-1-696x928.jpeg 696w, https:\/\/www.diocesidiroma.it\/catecumenato\/wp-content\/uploads\/2022\/10\/WhatsApp-Image-2022-10-07-at-09.51.08-1-1068x1424.jpeg 1068w, https:\/\/www.diocesidiroma.it\/catecumenato\/wp-content\/uploads\/2022\/10\/WhatsApp-Image-2022-10-07-at-09.51.08-1-315x420.jpeg 315w, https:\/\/www.diocesidiroma.it\/catecumenato\/wp-content\/uploads\/2022\/10\/WhatsApp-Image-2022-10-07-at-09.51.08-1.jpeg 1200w\" sizes=\"auto, (max-width: 225px) 100vw, 225px\" \/><\/a>\n\t\t\t<\/div><\/figure><figure class='gallery-item'>\n\t\t\t<div class='gallery-icon landscape'>\n\t\t\t\t<a href='https:\/\/www.diocesidiroma.it\/catecumenato\/wp-content\/uploads\/2022\/10\/WhatsApp-Image-2022-10-07-at-09.54.39-1.jpeg'><img loading=\"lazy\" decoding=\"async\" width=\"300\" height=\"225\" src=\"https:\/\/www.diocesidiroma.it\/catecumenato\/wp-content\/uploads\/2022\/10\/WhatsApp-Image-2022-10-07-at-09.54.39-1-300x225.jpeg\" class=\"attachment-medium size-medium\" alt=\"\" srcset=\"https:\/\/www.diocesidiroma.it\/catecumenato\/wp-content\/uploads\/2022\/10\/WhatsApp-Image-2022-10-07-at-09.54.39-1-300x225.jpeg 300w, https:\/\/www.diocesidiroma.it\/catecumenato\/wp-content\/uploads\/2022\/10\/WhatsApp-Image-2022-10-07-at-09.54.39-1-768x576.jpeg 768w, https:\/\/www.diocesidiroma.it\/catecumenato\/wp-content\/uploads\/2022\/10\/WhatsApp-Image-2022-10-07-at-09.54.39-1-80x60.jpeg 80w, https:\/\/www.diocesidiroma.it\/catecumenato\/wp-content\/uploads\/2022\/10\/WhatsApp-Image-2022-10-07-at-09.54.39-1-265x198.jpeg 265w, https:\/\/www.diocesidiroma.it\/catecumenato\/wp-content\/uploads\/2022\/10\/WhatsApp-Image-2022-10-07-at-09.54.39-1-696x522.jpeg 696w, https:\/\/www.diocesidiroma.it\/catecumenato\/wp-content\/uploads\/2022\/10\/WhatsApp-Image-2022-10-07-at-09.54.39-1-560x420.jpeg 560w, https:\/\/www.diocesidiroma.it\/catecumenato\/wp-content\/uploads\/2022\/10\/WhatsApp-Image-2022-10-07-at-09.54.39-1.jpeg 1024w\" sizes=\"auto, (max-width: 300px) 100vw, 300px\" \/><\/a>\n\t\t\t<\/div><\/figure>\n\t\t<\/div>\n\n","protected":false},"excerpt":{"rendered":"Fede retta, Speranza certa, Carit\u00e0 perfetta Cos\u00ec potremmo sintetizzare la giornata di domenica 2 ottobre scorso, che ha visto un piccolo gruppo di neofiti e un pi\u00f9 nutrito gruppo di catecumeni (che si preparano a ricevere i sacramenti dell&#8217;Iniziazione Cristiana nella prossima Veglia Pasquale, ad aprile 2023), insieme ad alcuni familiari e catechisti, mettersi in [&hellip;]","protected":false},"author":3,"featured_media":346,"comment_status":"closed","ping_status":"open","sticky":false,"template":"","format":"standard","meta":{"footnotes":""},"categories":[4],"tags":[],"class_list":["post-3473","post","type-post","status-publish","format-standard","has-post-thumbnail","hentry","category-notizie"],"_links":{"self":[{"href":"https:\/\/www.diocesidiroma.it\/catecumenato\/index.php\/wp-json\/wp\/v2\/posts\/3473","targetHints":{"allow":["GET"]}}],"collection":[{"href":"https:\/\/www.diocesidiroma.it\/catecumenato\/index.php\/wp-json\/wp\/v2\/posts"}],"about":[{"href":"https:\/\/www.diocesidiroma.it\/catecumenato\/index.php\/wp-json\/wp\/v2\/types\/post"}],"author":[{"embeddable":true,"href":"https:\/\/www.diocesidiroma.it\/catecumenato\/index.php\/wp-json\/wp\/v2\/users\/3"}],"replies":[{"embeddable":true,"href":"https:\/\/www.diocesidiroma.it\/catecumenato\/index.php\/wp-json\/wp\/v2\/comments?post=3473"}],"version-history":[{"count":8,"href":"https:\/\/www.diocesidiroma.it\/catecumenato\/index.php\/wp-json\/wp\/v2\/posts\/3473\/revisions"}],"predecessor-version":[{"id":3490,"href":"https:\/\/www.diocesidiroma.it\/catecumenato\/index.php\/wp-json\/wp\/v2\/posts\/3473\/revisions\/3490"}],"wp:featuredmedia":[{"embeddable":true,"href":"https:\/\/www.diocesidiroma.it\/catecumenato\/index.php\/wp-json\/wp\/v2\/media\/346"}],"wp:attachment":[{"href":"https:\/\/www.diocesidiroma.it\/catecumenato\/index.php\/wp-json\/wp\/v2\/media?parent=3473"}],"wp:term":[{"taxonomy":"category","embeddable":true,"href":"https:\/\/www.diocesidiroma.it\/catecumenato\/index.php\/wp-json\/wp\/v2\/categories?post=3473"},{"taxonomy":"post_tag","embeddable":true,"href":"https:\/\/www.diocesidiroma.it\/catecumenato\/index.php\/wp-json\/wp\/v2\/tags?post=3473"}],"curies":[{"name":"wp","href":"https:\/\/api.w.org\/{rel}","templated":true}]}}