{"id":3524,"date":"2022-10-28T13:00:43","date_gmt":"2022-10-28T11:00:43","guid":{"rendered":"https:\/\/www.diocesidiroma.it\/catecumenato\/?p=3524"},"modified":"2022-11-02T10:33:08","modified_gmt":"2022-11-02T09:33:08","slug":"solennita-di-tutti-i-santi","status":"publish","type":"post","link":"https:\/\/www.diocesidiroma.it\/catecumenato\/index.php\/solennita-di-tutti-i-santi\/","title":{"rendered":"Solennit\u00e0 di Tutti i Santi"},"content":{"rendered":"<p style=\"font-weight: 400; text-align: center;\"><strong>Affrettiamoci verso i fratelli che ci aspettano<\/strong><\/p>\n<p style=\"font-weight: 400;\"><em>Dai \u00abDiscorsi\u00bb di san Bernardo, abate (Disc. 2; Opera omnia, ed. Cisterc. 5 [1968] 364-368)<\/em><br \/>\nA che serve dunque la nostra lode ai santi, a che il nostro tributo di gloria, a che questa stessa nostra solennit\u00e0? Perch\u00e9 ad essi gli onori di questa stessa terra quando, secondo la promessa del Figlio, il Padre celeste li onora? A che dunque i nostri encomi per essi? I santi non hanno bisogno dei nostri onori e nulla viene a loro dal nostro culto. E&#8217; chiaro che, quando ne veneriamo la memoria, facciamo i nostri interessi, non i loro.<br \/>\nPer parte mia devo confessare che, quando penso ai santi, mi sento ardere da grandi desideri.<br \/>\nIl primo desiderio, che la memoria dei santi o suscita o stimola maggiormente in noi, \u00e8 quello di godere della loro tanto dolce compagnia e di meritare di essere concittadini e familiari degli spiriti beati, di trovarci insieme all&#8217;assemblea dei patriarchi, alle schiere dei profeti, al senato degli apostoli, agli eserciti numerosi dei martiri, alla comunit\u00e0 dei confessori, ai cori delle vergini, di essere insomma riuniti e felici nella comunione di tutti i santi.<br \/>\nCi attende la primitiva comunit\u00e0 dei cristiani, e noi ce ne disinteresseremo? I santi desiderano di averci con loro e noi e ce ne mostreremo indifferenti? I giusti ci aspettano, e noi non ce ne prenderemo cura? No, fratelli, destiamoci dalla nostra deplorevole apatia. Risorgiamo con Cristo, ricerchiamo le cose di lass\u00f9, quelle gustiamo. Sentiamo il desiderio di coloro che ci desiderano, affrettiamoci verso coloro che ci aspettano, anticipano con i voti dell&#8217;anima la condizione di coloro che ci attendono. Non soltanto dobbiamo desiderare la compagnia dei santi, ma anche di possederne la felicit\u00e0. Mentre dunque bramiamo di stare insieme a loro, stimoliamo nel nostro cuore l&#8217;aspirazione pi\u00f9 intensa a condividerne la gloria. Questa bramosia non \u00e8 certo disdicevole, perch\u00e9 una tale fame di gloria \u00e8 tutt&#8217;altro che pericolosa.<br \/>\nVi \u00e8 un secondo desiderio che viene suscitato in noi dalla commemorazione dei santi, ed \u00e8 quello che Cristo, nostra vita, si mostri anche a noi come a loro, e noi pure facciamo con lui la nostra apparizione nella gloria. Frattanto il nostro capo si presenta a noi non come \u00e8 ora in cielo, ma nella forma che ha voluto assumere per noi qui in terra. Lo vediamo quindi non coronato di gloria, ma circondato dalle spine dei nostri peccati.<br \/>\nSi vergogni perci\u00f2 ogni membro di far sfoggio di ricercatezza sotto un capo coronato di spine. Comprenda che le sue eleganze non gli fanno onore, ma lo espongono al ridicolo.<br \/>\nGiunger\u00e0 il momento della venuta di Cristo, quando non si annunzier\u00e0 pi\u00f9 la sua morte. Allora sapremo che anche noi siamo morti e che la nostra vita \u00e8 nascosta con lui in Dio.<br \/>\nAllora Cristo apparir\u00e0 come capo glorioso e con lui brilleranno le membra glorificate. Allora trasformer\u00e0 il nostri corpo umiliato, rendendolo simile alla gloria del capo, che \u00e8 lui stesso.<br \/>\nNutriamo dunque liberamente la brama della gloria. Ne abbiamo ogni diritto. Ma perch\u00e9 la speranza di una felicit\u00e0 cos\u00ec incomparabile abbia a diventare realt\u00e0, ci \u00e8 necessario il soccorso dei santi. Sollecitiamolo premurosamente. Cos\u00ec, per loro intercessione, arriveremo l\u00e0 dove da soli non potremmo mai pensare di giungere.<\/p>\n<p>A tutti voi gli auguri da parte nostra!<\/p>\n<p>Con l&#8217;occasione, informiamo che luned\u00ec 31 ottobre 2022 l&#8217;Ufficio rimarr\u00e0 chiuso al pubblico.<\/p>\n","protected":false},"excerpt":{"rendered":"Affrettiamoci verso i fratelli che ci aspettano Dai \u00abDiscorsi\u00bb di san Bernardo, abate (Disc. 2; Opera omnia, ed. Cisterc. 5 [1968] 364-368) A che serve dunque la nostra lode ai santi, a che il nostro tributo di gloria, a che questa stessa nostra solennit\u00e0? Perch\u00e9 ad essi gli onori di questa stessa terra quando, secondo [&hellip;]","protected":false},"author":3,"featured_media":3526,"comment_status":"closed","ping_status":"open","sticky":false,"template":"","format":"standard","meta":{"footnotes":""},"categories":[4],"tags":[],"class_list":["post-3524","post","type-post","status-publish","format-standard","has-post-thumbnail","hentry","category-notizie"],"_links":{"self":[{"href":"https:\/\/www.diocesidiroma.it\/catecumenato\/index.php\/wp-json\/wp\/v2\/posts\/3524","targetHints":{"allow":["GET"]}}],"collection":[{"href":"https:\/\/www.diocesidiroma.it\/catecumenato\/index.php\/wp-json\/wp\/v2\/posts"}],"about":[{"href":"https:\/\/www.diocesidiroma.it\/catecumenato\/index.php\/wp-json\/wp\/v2\/types\/post"}],"author":[{"embeddable":true,"href":"https:\/\/www.diocesidiroma.it\/catecumenato\/index.php\/wp-json\/wp\/v2\/users\/3"}],"replies":[{"embeddable":true,"href":"https:\/\/www.diocesidiroma.it\/catecumenato\/index.php\/wp-json\/wp\/v2\/comments?post=3524"}],"version-history":[{"count":1,"href":"https:\/\/www.diocesidiroma.it\/catecumenato\/index.php\/wp-json\/wp\/v2\/posts\/3524\/revisions"}],"predecessor-version":[{"id":3525,"href":"https:\/\/www.diocesidiroma.it\/catecumenato\/index.php\/wp-json\/wp\/v2\/posts\/3524\/revisions\/3525"}],"wp:featuredmedia":[{"embeddable":true,"href":"https:\/\/www.diocesidiroma.it\/catecumenato\/index.php\/wp-json\/wp\/v2\/media\/3526"}],"wp:attachment":[{"href":"https:\/\/www.diocesidiroma.it\/catecumenato\/index.php\/wp-json\/wp\/v2\/media?parent=3524"}],"wp:term":[{"taxonomy":"category","embeddable":true,"href":"https:\/\/www.diocesidiroma.it\/catecumenato\/index.php\/wp-json\/wp\/v2\/categories?post=3524"},{"taxonomy":"post_tag","embeddable":true,"href":"https:\/\/www.diocesidiroma.it\/catecumenato\/index.php\/wp-json\/wp\/v2\/tags?post=3524"}],"curies":[{"name":"wp","href":"https:\/\/api.w.org\/{rel}","templated":true}]}}