{"id":3593,"date":"2023-02-21T15:57:52","date_gmt":"2023-02-21T14:57:52","guid":{"rendered":"https:\/\/www.diocesidiroma.it\/catecumenato\/?p=3593"},"modified":"2023-02-27T10:16:48","modified_gmt":"2023-02-27T09:16:48","slug":"rito-dellelezione-e-iscrizione-del-nome","status":"publish","type":"post","link":"https:\/\/www.diocesidiroma.it\/catecumenato\/index.php\/rito-dellelezione-e-iscrizione-del-nome\/","title":{"rendered":"RITO DELL&#8217;ELEZIONE E ISCRIZIONE DEL NOME"},"content":{"rendered":"<p>Carissimi catecumeni, catechisti e parroci, bentrovati!<\/p>\n<p>Domani, 22 febbraio, con la celebrazione del Rito delle Ceneri, inizier\u00e0 la Quaresima, un tempo liturgico particolarmente importante, che vi introduce nella \u201cpreparazione prossima\u201d e che si concluder\u00e0 per voi con il conferimento dei sacramenti dell\u2019Iniziazione Cristiana nella Veglia di Pasqua.<\/p>\n<p>Ci ritroveremo il prossimo sabato <strong>25 febbraio 2023<\/strong>, nella Basilica Cattedrale di San Giovanni in Laterano, per il <strong>Rito dell\u2019Elezione ed Iscrizione del Nome<\/strong>. La celebrazione eucaristica sar\u00e0 presieduta dal Cardinale Vicario Angelo De Donatis.<\/p>\n<p>Gli appuntamenti, per tale circostanza, sono diversi per i catecumeni e per gli altri:<\/p>\n<p>&#8211; con<strong> i catecumeni ci incontriamo alle ore 15.00, all\u2019interno della Basilica, davanti all\u2019Altare<\/strong>;<\/p>\n<p>&#8211; i padrini e le madrine, insieme ai catechisti, possono arrivare in Basilica alle ore 16.15, cos\u00ec da avere modo di firmare il registro dei catecumeni (<strong>la firma avviene in Basilica,<\/strong> <strong>davanti all\u2019Altare<\/strong>). Dopo aver firmato i registri, i padrini e i catechisti possono prendere posto per iniziare la preparazione della celebrazione.<\/p>\n<p>La celebrazione eucaristica inizier\u00e0 alle ore 17.30.<\/p>\n<p>Invitiamo i parroci, le comunit\u00e0 parrocchiali, i parenti e gli amici dei catecumeni a partecipare alla celebrazione, perch\u00e9 \u00e8 un momento di grande importanza e gioia che deve essere condiviso con l\u2019intera comunit\u00e0.<\/p>\n<p>I sacerdoti che desiderano concelebrare sono pregati di portare il camice e la stola viola, che indosseranno in Basilica al proprio posto.<\/p>\n<p>Come sempre potrete usufruire del parcheggio interno dell\u2019Universit\u00e0 Lateranense.<\/p>\n<p>Vi aspettiamo!<\/p>\n","protected":false},"excerpt":{"rendered":"Carissimi catecumeni, catechisti e parroci, bentrovati! Domani, 22 febbraio, con la celebrazione del Rito delle Ceneri, inizier\u00e0 la Quaresima, un tempo liturgico particolarmente importante, che vi introduce nella \u201cpreparazione prossima\u201d e che si concluder\u00e0 per voi con il conferimento dei sacramenti dell\u2019Iniziazione Cristiana nella Veglia di Pasqua. Ci ritroveremo il prossimo sabato 25 febbraio 2023, [&hellip;]","protected":false},"author":3,"featured_media":3599,"comment_status":"closed","ping_status":"open","sticky":false,"template":"","format":"standard","meta":{"footnotes":""},"categories":[19,4],"tags":[],"class_list":["post-3593","post","type-post","status-publish","format-standard","has-post-thumbnail","hentry","category-battesimo-adulti","category-notizie"],"_links":{"self":[{"href":"https:\/\/www.diocesidiroma.it\/catecumenato\/index.php\/wp-json\/wp\/v2\/posts\/3593","targetHints":{"allow":["GET"]}}],"collection":[{"href":"https:\/\/www.diocesidiroma.it\/catecumenato\/index.php\/wp-json\/wp\/v2\/posts"}],"about":[{"href":"https:\/\/www.diocesidiroma.it\/catecumenato\/index.php\/wp-json\/wp\/v2\/types\/post"}],"author":[{"embeddable":true,"href":"https:\/\/www.diocesidiroma.it\/catecumenato\/index.php\/wp-json\/wp\/v2\/users\/3"}],"replies":[{"embeddable":true,"href":"https:\/\/www.diocesidiroma.it\/catecumenato\/index.php\/wp-json\/wp\/v2\/comments?post=3593"}],"version-history":[{"count":1,"href":"https:\/\/www.diocesidiroma.it\/catecumenato\/index.php\/wp-json\/wp\/v2\/posts\/3593\/revisions"}],"predecessor-version":[{"id":3594,"href":"https:\/\/www.diocesidiroma.it\/catecumenato\/index.php\/wp-json\/wp\/v2\/posts\/3593\/revisions\/3594"}],"wp:featuredmedia":[{"embeddable":true,"href":"https:\/\/www.diocesidiroma.it\/catecumenato\/index.php\/wp-json\/wp\/v2\/media\/3599"}],"wp:attachment":[{"href":"https:\/\/www.diocesidiroma.it\/catecumenato\/index.php\/wp-json\/wp\/v2\/media?parent=3593"}],"wp:term":[{"taxonomy":"category","embeddable":true,"href":"https:\/\/www.diocesidiroma.it\/catecumenato\/index.php\/wp-json\/wp\/v2\/categories?post=3593"},{"taxonomy":"post_tag","embeddable":true,"href":"https:\/\/www.diocesidiroma.it\/catecumenato\/index.php\/wp-json\/wp\/v2\/tags?post=3593"}],"curies":[{"name":"wp","href":"https:\/\/api.w.org\/{rel}","templated":true}]}}