{"id":3612,"date":"2023-03-17T13:29:05","date_gmt":"2023-03-17T12:29:05","guid":{"rendered":"https:\/\/www.diocesidiroma.it\/catecumenato\/?p=3612"},"modified":"2023-03-27T11:57:33","modified_gmt":"2023-03-27T09:57:33","slug":"il-rito-del-terzo-scrutinio-e-la-consegna-della-preghiera-del-signore","status":"publish","type":"post","link":"https:\/\/www.diocesidiroma.it\/catecumenato\/index.php\/il-rito-del-terzo-scrutinio-e-la-consegna-della-preghiera-del-signore\/","title":{"rendered":"Rito del terzo scrutinio e la consegna della Preghiera del Signore"},"content":{"rendered":"<p>Carissimi catecumeni eletti, bentrovati!<\/p>\n<p>Il vostro cammino, in queste domeniche di quaresima, \u00e8 scandito ed illuminato dalla Parola del Signore e dalla catechesi nella comunit\u00e0 parrocchiale.<\/p>\n<p>Ora ci ritroveremo tutti insieme come comunit\u00e0 diocesana <strong>domenica 26 marzo 2023, V di Quaresima,\u00a0<\/strong><strong>presso la Basilica Cattedrale di San Giovanni in Laterano<\/strong>,\u00a0per vivere, all\u2019interno della Liturgia della Parola, <strong>il Rito del terzo scrutinio e la consegna della Preghiera del Signore<\/strong>. La celebrazione sar\u00e0 presieduta da S.E.R. Mons. Paolo Ricciardi, Vescovo Ausiliare e Delegato per l&#8217;Ambito per la cura del diaconato, del clero, della vita religiosa e dell&#8217;Ordo Virginum.<\/p>\n<p>Alla celebrazione sono invitati anche i vostri padrini; l&#8217;appuntamento <strong>per voi catecumeni e i vostri padrini \u00e8 alle ore 15.00 all&#8217;interno della Basilica, davanti all&#8217;Altare<\/strong>. I catechisti possono arrivare alle ore 15.45; la celebrazione si terr\u00e0 nell&#8217;Abside della Basilica e inizier\u00e0 alle ore 16.00 per terminare alle ore 17.00.<\/p>\n<p>Come sempre, potrete usufruire del parcheggio interno dell\u2019Universit\u00e0 Lateranense; essendo una \u201cdomenica ecologia\u201d, vi forniremo il giustificativo per rientrare a casa.<\/p>\n<p>Vi aspettiamo!<\/p>\n","protected":false},"excerpt":{"rendered":"Carissimi catecumeni eletti, bentrovati! Il vostro cammino, in queste domeniche di quaresima, \u00e8 scandito ed illuminato dalla Parola del Signore e dalla catechesi nella comunit\u00e0 parrocchiale. Ora ci ritroveremo tutti insieme come comunit\u00e0 diocesana domenica 26 marzo 2023, V di Quaresima,\u00a0presso la Basilica Cattedrale di San Giovanni in Laterano,\u00a0per vivere, all\u2019interno della Liturgia della Parola, [&hellip;]","protected":false},"author":3,"featured_media":3597,"comment_status":"closed","ping_status":"open","sticky":false,"template":"","format":"standard","meta":{"footnotes":""},"categories":[19,4],"tags":[],"class_list":["post-3612","post","type-post","status-publish","format-standard","has-post-thumbnail","hentry","category-battesimo-adulti","category-notizie"],"_links":{"self":[{"href":"https:\/\/www.diocesidiroma.it\/catecumenato\/index.php\/wp-json\/wp\/v2\/posts\/3612","targetHints":{"allow":["GET"]}}],"collection":[{"href":"https:\/\/www.diocesidiroma.it\/catecumenato\/index.php\/wp-json\/wp\/v2\/posts"}],"about":[{"href":"https:\/\/www.diocesidiroma.it\/catecumenato\/index.php\/wp-json\/wp\/v2\/types\/post"}],"author":[{"embeddable":true,"href":"https:\/\/www.diocesidiroma.it\/catecumenato\/index.php\/wp-json\/wp\/v2\/users\/3"}],"replies":[{"embeddable":true,"href":"https:\/\/www.diocesidiroma.it\/catecumenato\/index.php\/wp-json\/wp\/v2\/comments?post=3612"}],"version-history":[{"count":3,"href":"https:\/\/www.diocesidiroma.it\/catecumenato\/index.php\/wp-json\/wp\/v2\/posts\/3612\/revisions"}],"predecessor-version":[{"id":3615,"href":"https:\/\/www.diocesidiroma.it\/catecumenato\/index.php\/wp-json\/wp\/v2\/posts\/3612\/revisions\/3615"}],"wp:featuredmedia":[{"embeddable":true,"href":"https:\/\/www.diocesidiroma.it\/catecumenato\/index.php\/wp-json\/wp\/v2\/media\/3597"}],"wp:attachment":[{"href":"https:\/\/www.diocesidiroma.it\/catecumenato\/index.php\/wp-json\/wp\/v2\/media?parent=3612"}],"wp:term":[{"taxonomy":"category","embeddable":true,"href":"https:\/\/www.diocesidiroma.it\/catecumenato\/index.php\/wp-json\/wp\/v2\/categories?post=3612"},{"taxonomy":"post_tag","embeddable":true,"href":"https:\/\/www.diocesidiroma.it\/catecumenato\/index.php\/wp-json\/wp\/v2\/tags?post=3612"}],"curies":[{"name":"wp","href":"https:\/\/api.w.org\/{rel}","templated":true}]}}