{"id":3620,"date":"2023-03-29T14:54:22","date_gmt":"2023-03-29T12:54:22","guid":{"rendered":"https:\/\/www.diocesidiroma.it\/catecumenato\/?p=3620"},"modified":"2023-04-05T09:20:17","modified_gmt":"2023-04-05T07:20:17","slug":"settimana-santa","status":"publish","type":"post","link":"https:\/\/www.diocesidiroma.it\/catecumenato\/index.php\/settimana-santa\/","title":{"rendered":"La Settimana Santa"},"content":{"rendered":"<p>Carissimi catecumeni eletti,<\/p>\n<p>siamo ormai vicini alla Pasqua!<\/p>\n<p>Ci prepariamo a vivere una settimana importante, la Settimana Santa: in cui accompagniamo Ges\u00f9 nella sua Passione, Morte e Risurrezione.<\/p>\n<p>Liturgicamente \u00e8 la settimana pi\u00f9 importante dell\u2019anno. Sono giorni in cui, attraverso la liturgia, ci viene chiesto di predisporre il nostro cuore per comprendere in modo sempre nuovo l\u2019amore misericordioso di Dio Padre donato e rivelato nella Pasqua del Signore Ges\u00f9.<\/p>\n<p>Nella Settimana Santa voi catecumeni vivrete in parrocchia i riti immediatamente preparatori, e nella notte durante la Grande Veglia riceverete ci\u00f2 per cui avete camminato in questi due anni: i sacramenti dell\u2019Iniziazione Cristiana che vi sostengono nel cammino di sequela e di testimonianza.<\/p>\n<p>Noi ci rivedremo con voi &#8211; ormai neofiti &#8211; e i vostri padrini per vivere il Rito della Deposizione della veste bianca<\/p>\n<p style=\"text-align: center;\"><strong>domenica 16 aprile p.v., alle ore 16.00<\/strong>,<\/p>\n<p style=\"text-align: center;\">presso la <strong>Basilica di San Bartolomeo all\u2019Isola<\/strong><\/p>\n<p style=\"text-align: center;\">(Piazza di S. Bartolomeo all\u2019Isola n. 22, sull\u2019Isola Tiberina, nel Rione Ripa)<\/p>\n<p>Alle ore 17.00 inizier\u00e0 la celebrazione eucaristica e sar\u00e0 presieduta da S.E.R. Mons. Paolo Ricciardi, che \u00e8 stato con noi al Terzo scrutinio. Invitate i parroci, i catechisti i vostri familiari e quanti dalla comunit\u00e0 vogliono accompagnarvi.<\/p>\n<p>Auguriamo a tutti voi di vivere bene questi giorni, preparandovi ad accogliere la grazia della gioia Pasquale e a portare in voi stessi un raggio del Suo amore a quanti incontrerete.<\/p>\n","protected":false},"excerpt":{"rendered":"Carissimi catecumeni eletti, siamo ormai vicini alla Pasqua! Ci prepariamo a vivere una settimana importante, la Settimana Santa: in cui accompagniamo Ges\u00f9 nella sua Passione, Morte e Risurrezione. Liturgicamente \u00e8 la settimana pi\u00f9 importante dell\u2019anno. Sono giorni in cui, attraverso la liturgia, ci viene chiesto di predisporre il nostro cuore per comprendere in modo sempre [&hellip;]","protected":false},"author":3,"featured_media":3223,"comment_status":"closed","ping_status":"open","sticky":false,"template":"","format":"standard","meta":{"footnotes":""},"categories":[19,4],"tags":[],"class_list":["post-3620","post","type-post","status-publish","format-standard","has-post-thumbnail","hentry","category-battesimo-adulti","category-notizie"],"_links":{"self":[{"href":"https:\/\/www.diocesidiroma.it\/catecumenato\/index.php\/wp-json\/wp\/v2\/posts\/3620","targetHints":{"allow":["GET"]}}],"collection":[{"href":"https:\/\/www.diocesidiroma.it\/catecumenato\/index.php\/wp-json\/wp\/v2\/posts"}],"about":[{"href":"https:\/\/www.diocesidiroma.it\/catecumenato\/index.php\/wp-json\/wp\/v2\/types\/post"}],"author":[{"embeddable":true,"href":"https:\/\/www.diocesidiroma.it\/catecumenato\/index.php\/wp-json\/wp\/v2\/users\/3"}],"replies":[{"embeddable":true,"href":"https:\/\/www.diocesidiroma.it\/catecumenato\/index.php\/wp-json\/wp\/v2\/comments?post=3620"}],"version-history":[{"count":2,"href":"https:\/\/www.diocesidiroma.it\/catecumenato\/index.php\/wp-json\/wp\/v2\/posts\/3620\/revisions"}],"predecessor-version":[{"id":3622,"href":"https:\/\/www.diocesidiroma.it\/catecumenato\/index.php\/wp-json\/wp\/v2\/posts\/3620\/revisions\/3622"}],"wp:featuredmedia":[{"embeddable":true,"href":"https:\/\/www.diocesidiroma.it\/catecumenato\/index.php\/wp-json\/wp\/v2\/media\/3223"}],"wp:attachment":[{"href":"https:\/\/www.diocesidiroma.it\/catecumenato\/index.php\/wp-json\/wp\/v2\/media?parent=3620"}],"wp:term":[{"taxonomy":"category","embeddable":true,"href":"https:\/\/www.diocesidiroma.it\/catecumenato\/index.php\/wp-json\/wp\/v2\/categories?post=3620"},{"taxonomy":"post_tag","embeddable":true,"href":"https:\/\/www.diocesidiroma.it\/catecumenato\/index.php\/wp-json\/wp\/v2\/tags?post=3620"}],"curies":[{"name":"wp","href":"https:\/\/api.w.org\/{rel}","templated":true}]}}