{"id":3625,"date":"2023-04-05T09:19:02","date_gmt":"2023-04-05T07:19:02","guid":{"rendered":"https:\/\/www.diocesidiroma.it\/catecumenato\/?p=3625"},"modified":"2023-04-13T11:06:23","modified_gmt":"2023-04-13T09:06:23","slug":"auguri-di-una-santa-pasqua-3","status":"publish","type":"post","link":"https:\/\/www.diocesidiroma.it\/catecumenato\/index.php\/auguri-di-una-santa-pasqua-3\/","title":{"rendered":"AUGURI DI UNA SANTA PASQUA"},"content":{"rendered":"<p><a href=\"https:\/\/www.diocesidiroma.it\/catecumenato\/wp-content\/uploads\/2023\/04\/Auguri-Pasqua23.jpg\"><img loading=\"lazy\" decoding=\"async\" class=\"alignnone size-medium wp-image-3626\" src=\"https:\/\/www.diocesidiroma.it\/catecumenato\/wp-content\/uploads\/2023\/04\/Auguri-Pasqua23-300x213.jpg\" alt=\"\" width=\"300\" height=\"213\" srcset=\"https:\/\/www.diocesidiroma.it\/catecumenato\/wp-content\/uploads\/2023\/04\/Auguri-Pasqua23-300x213.jpg 300w, https:\/\/www.diocesidiroma.it\/catecumenato\/wp-content\/uploads\/2023\/04\/Auguri-Pasqua23-1024x726.jpg 1024w, https:\/\/www.diocesidiroma.it\/catecumenato\/wp-content\/uploads\/2023\/04\/Auguri-Pasqua23-768x545.jpg 768w, https:\/\/www.diocesidiroma.it\/catecumenato\/wp-content\/uploads\/2023\/04\/Auguri-Pasqua23-1536x1090.jpg 1536w, https:\/\/www.diocesidiroma.it\/catecumenato\/wp-content\/uploads\/2023\/04\/Auguri-Pasqua23-100x70.jpg 100w, https:\/\/www.diocesidiroma.it\/catecumenato\/wp-content\/uploads\/2023\/04\/Auguri-Pasqua23-696x494.jpg 696w, https:\/\/www.diocesidiroma.it\/catecumenato\/wp-content\/uploads\/2023\/04\/Auguri-Pasqua23-1068x758.jpg 1068w, https:\/\/www.diocesidiroma.it\/catecumenato\/wp-content\/uploads\/2023\/04\/Auguri-Pasqua23-592x420.jpg 592w, https:\/\/www.diocesidiroma.it\/catecumenato\/wp-content\/uploads\/2023\/04\/Auguri-Pasqua23.jpg 1748w\" sizes=\"auto, (max-width: 300px) 100vw, 300px\" \/><\/a><\/p>\n<p>Con l\u2019occasione, comunichiamo che l\u2019Ufficio rimarr\u00e0 chiuso al pubblico dal pomeriggio di mercoled\u00ec 5 aprile a mercoled\u00ec 12 aprile, riaprendo il successivo gioved\u00ec 13 aprile 2023.<\/p>\n","protected":false},"excerpt":{"rendered":"Con l\u2019occasione, comunichiamo che l\u2019Ufficio rimarr\u00e0 chiuso al pubblico dal pomeriggio di mercoled\u00ec 5 aprile a mercoled\u00ec 12 aprile, riaprendo il successivo gioved\u00ec 13 aprile 2023.","protected":false},"author":3,"featured_media":3626,"comment_status":"closed","ping_status":"open","sticky":false,"template":"","format":"standard","meta":{"footnotes":""},"categories":[4],"tags":[],"class_list":["post-3625","post","type-post","status-publish","format-standard","has-post-thumbnail","hentry","category-notizie"],"_links":{"self":[{"href":"https:\/\/www.diocesidiroma.it\/catecumenato\/index.php\/wp-json\/wp\/v2\/posts\/3625","targetHints":{"allow":["GET"]}}],"collection":[{"href":"https:\/\/www.diocesidiroma.it\/catecumenato\/index.php\/wp-json\/wp\/v2\/posts"}],"about":[{"href":"https:\/\/www.diocesidiroma.it\/catecumenato\/index.php\/wp-json\/wp\/v2\/types\/post"}],"author":[{"embeddable":true,"href":"https:\/\/www.diocesidiroma.it\/catecumenato\/index.php\/wp-json\/wp\/v2\/users\/3"}],"replies":[{"embeddable":true,"href":"https:\/\/www.diocesidiroma.it\/catecumenato\/index.php\/wp-json\/wp\/v2\/comments?post=3625"}],"version-history":[{"count":1,"href":"https:\/\/www.diocesidiroma.it\/catecumenato\/index.php\/wp-json\/wp\/v2\/posts\/3625\/revisions"}],"predecessor-version":[{"id":3627,"href":"https:\/\/www.diocesidiroma.it\/catecumenato\/index.php\/wp-json\/wp\/v2\/posts\/3625\/revisions\/3627"}],"wp:featuredmedia":[{"embeddable":true,"href":"https:\/\/www.diocesidiroma.it\/catecumenato\/index.php\/wp-json\/wp\/v2\/media\/3626"}],"wp:attachment":[{"href":"https:\/\/www.diocesidiroma.it\/catecumenato\/index.php\/wp-json\/wp\/v2\/media?parent=3625"}],"wp:term":[{"taxonomy":"category","embeddable":true,"href":"https:\/\/www.diocesidiroma.it\/catecumenato\/index.php\/wp-json\/wp\/v2\/categories?post=3625"},{"taxonomy":"post_tag","embeddable":true,"href":"https:\/\/www.diocesidiroma.it\/catecumenato\/index.php\/wp-json\/wp\/v2\/tags?post=3625"}],"curies":[{"name":"wp","href":"https:\/\/api.w.org\/{rel}","templated":true}]}}