{"id":3631,"date":"2023-04-13T11:13:32","date_gmt":"2023-04-13T09:13:32","guid":{"rendered":"https:\/\/www.diocesidiroma.it\/catecumenato\/?p=3631"},"modified":"2023-04-17T10:29:55","modified_gmt":"2023-04-17T08:29:55","slug":"domenica-16-aprile-2023-rito-della-deposizione-della-veste-bianca","status":"publish","type":"post","link":"https:\/\/www.diocesidiroma.it\/catecumenato\/index.php\/domenica-16-aprile-2023-rito-della-deposizione-della-veste-bianca\/","title":{"rendered":"Domenica 16 aprile 2023: Rito della Deposizione della veste bianca"},"content":{"rendered":"<p style=\"text-align: right;\">Roma 11 aprile 2023<\/p>\n<p>Carissimi neofiti,<\/p>\n<p>\u00e8 una gioia grande scrivervi i nostri pi\u00f9 cari auguri per il Battesimo appena ricevuto. Papa Francesco nell\u2019omelia della Veglia di Pasqua ci ha detto che per camminare dobbiamo ricordare; ci ha invitato a ravvivare sempre la bellezza di quando, dopo averlo scoperto vivo, lo abbiamo proclamato Signore della nostra vita.<\/p>\n<p>Per continuare a camminare, vi ricordiamo il prossimo appuntamento<\/p>\n<p style=\"text-align: center;\"><strong>domenica 16 aprile p.v., alle ore 16.00<\/strong>,<\/p>\n<p style=\"text-align: center;\">presso la\u00a0<strong>Basilica di San Bartolomeo all\u2019Isola<\/strong><\/p>\n<p style=\"text-align: center;\">(Piazza di S. Bartolomeo all\u2019Isola n. 22, sull\u2019Isola Tiberina, nel Rione Ripa),<\/p>\n<p>con voi e i vostri padrini per prepararci con il consueto ritiro a vivere il Rito della Deposizione della veste bianca.<\/p>\n<p><strong>Alle ore 17.00 inizier\u00e0 la celebrazione eucaristica<\/strong> e sar\u00e0 presieduta da S.E.R. Mons. Paolo Ricciardi, Vescovo Ausiliare, che \u00e8 stato con noi al Terzo scrutinio. Invitate i parroci, i catechisti i vostri familiari e quanti dalla comunit\u00e0 vogliono accompagnarvi.<\/p>\n<p>I sacerdoti che desiderano concelebrare sono pregati di portare il camice e la stola bianca.<\/p>\n<p>Un caro saluto!<\/p>\n","protected":false},"excerpt":{"rendered":"Roma 11 aprile 2023 Carissimi neofiti, \u00e8 una gioia grande scrivervi i nostri pi\u00f9 cari auguri per il Battesimo appena ricevuto. Papa Francesco nell\u2019omelia della Veglia di Pasqua ci ha detto che per camminare dobbiamo ricordare; ci ha invitato a ravvivare sempre la bellezza di quando, dopo averlo scoperto vivo, lo abbiamo proclamato Signore della [&hellip;]","protected":false},"author":3,"featured_media":3633,"comment_status":"closed","ping_status":"open","sticky":false,"template":"","format":"standard","meta":{"footnotes":""},"categories":[19,4],"tags":[],"class_list":["post-3631","post","type-post","status-publish","format-standard","has-post-thumbnail","hentry","category-battesimo-adulti","category-notizie"],"_links":{"self":[{"href":"https:\/\/www.diocesidiroma.it\/catecumenato\/index.php\/wp-json\/wp\/v2\/posts\/3631","targetHints":{"allow":["GET"]}}],"collection":[{"href":"https:\/\/www.diocesidiroma.it\/catecumenato\/index.php\/wp-json\/wp\/v2\/posts"}],"about":[{"href":"https:\/\/www.diocesidiroma.it\/catecumenato\/index.php\/wp-json\/wp\/v2\/types\/post"}],"author":[{"embeddable":true,"href":"https:\/\/www.diocesidiroma.it\/catecumenato\/index.php\/wp-json\/wp\/v2\/users\/3"}],"replies":[{"embeddable":true,"href":"https:\/\/www.diocesidiroma.it\/catecumenato\/index.php\/wp-json\/wp\/v2\/comments?post=3631"}],"version-history":[{"count":3,"href":"https:\/\/www.diocesidiroma.it\/catecumenato\/index.php\/wp-json\/wp\/v2\/posts\/3631\/revisions"}],"predecessor-version":[{"id":3635,"href":"https:\/\/www.diocesidiroma.it\/catecumenato\/index.php\/wp-json\/wp\/v2\/posts\/3631\/revisions\/3635"}],"wp:featuredmedia":[{"embeddable":true,"href":"https:\/\/www.diocesidiroma.it\/catecumenato\/index.php\/wp-json\/wp\/v2\/media\/3633"}],"wp:attachment":[{"href":"https:\/\/www.diocesidiroma.it\/catecumenato\/index.php\/wp-json\/wp\/v2\/media?parent=3631"}],"wp:term":[{"taxonomy":"category","embeddable":true,"href":"https:\/\/www.diocesidiroma.it\/catecumenato\/index.php\/wp-json\/wp\/v2\/categories?post=3631"},{"taxonomy":"post_tag","embeddable":true,"href":"https:\/\/www.diocesidiroma.it\/catecumenato\/index.php\/wp-json\/wp\/v2\/tags?post=3631"}],"curies":[{"name":"wp","href":"https:\/\/api.w.org\/{rel}","templated":true}]}}