{"id":3852,"date":"2023-11-24T13:04:14","date_gmt":"2023-11-24T12:04:14","guid":{"rendered":"https:\/\/www.diocesidiroma.it\/catecumenato\/?p=3852"},"modified":"2023-12-06T08:53:38","modified_gmt":"2023-12-06T07:53:38","slug":"domenica-3-dicembre-2023-incontro-diocesano-di-formazione-per-i-catecumeni-candidati-a-ricevere-i-sacramenti-delliniziazione-cristiana-nella-veglia-di-pasqua-del-2024","status":"publish","type":"post","link":"https:\/\/www.diocesidiroma.it\/catecumenato\/index.php\/domenica-3-dicembre-2023-incontro-diocesano-di-formazione-per-i-catecumeni-candidati-a-ricevere-i-sacramenti-delliniziazione-cristiana-nella-veglia-di-pasqua-del-2024\/","title":{"rendered":"Domenica 3 dicembre 2023: incontro diocesano di formazione per i catecumeni candidati a ricevere i sacramenti dell&#8217;Iniziazione Cristiana nella Veglia di Pasqua del 2024"},"content":{"rendered":"<p style=\"text-align: left;\">Carissimi catecumeni e catechisti bentrovati!<br \/>\nIl Signore ci dona la grazia e la gioia di aprire un nuovo Anno Liturgico iniziando dalla sua prima tappa: l\u2019Avvento, il periodo di quattro settimane che immediatamente ci prepara alla festa del Natale, memoria dell\u2019incarnazione di Cristo nella storia. Ogni inizio porta in s\u00e9 una grazia particolare, perch\u00e9 benedetto dal Signore. La luce del Natale arriva in un tempo oscuro, nel quale la pace \u00e8 attaccata in Terra Santa, in Ucraina e nel resto del mondo dove si contano tanti conflitti.<br \/>\nNonostante i segni di buio di questo tempo, vogliamo continuare a vedere la bellezza che il Signore dona alle nostre vite: per cui, ci ritroveremo per il nostro secondo incontro di formazione<\/p>\n<p style=\"text-align: center;\"><strong>domenica 3 dicembre 2023, dalle ore 16.00 alle ore 18.00<\/strong>,<br \/>\npresso la Sala Conferenza del Pontificio Seminario Romano Maggiore<br \/>\n(Piazza San Giovanni in Laterano 4 &#8211; 00184 Roma).<\/p>\n<p style=\"text-align: left;\">Invitiamo voi catechisti ad accompagnare i catecumeni: se non potete farlo personalmente, in accordo con il parroco, individuate un sostituto affinch\u00e9 il catecumeno abbia una persona di riferimento.<br \/>\nA chi (catecumeno o catechista) fosse proprio impossibilitato a partecipare, chiediamo di comunicarcelo, entro gioved\u00ec 30 novembre p.v., scrivendo un\u2019email a catecumenato@diocesidiroma.it.<br \/>\n\u00c8 possibile usufruire del parcheggio interno.<br \/>\nVi aspettiamo!<\/p>\n<p style=\"text-align: right;\">Sr Rosaria e don Andrea<\/p>\n","protected":false},"excerpt":{"rendered":"Carissimi catecumeni e catechisti bentrovati! Il Signore ci dona la grazia e la gioia di aprire un nuovo Anno Liturgico iniziando dalla sua prima tappa: l\u2019Avvento, il periodo di quattro settimane che immediatamente ci prepara alla festa del Natale, memoria dell\u2019incarnazione di Cristo nella storia. Ogni inizio porta in s\u00e9 una grazia particolare, perch\u00e9 benedetto [&hellip;]","protected":false},"author":3,"featured_media":2347,"comment_status":"closed","ping_status":"open","sticky":false,"template":"","format":"standard","meta":{"footnotes":""},"categories":[19,4],"tags":[],"class_list":["post-3852","post","type-post","status-publish","format-standard","has-post-thumbnail","hentry","category-battesimo-adulti","category-notizie"],"_links":{"self":[{"href":"https:\/\/www.diocesidiroma.it\/catecumenato\/index.php\/wp-json\/wp\/v2\/posts\/3852","targetHints":{"allow":["GET"]}}],"collection":[{"href":"https:\/\/www.diocesidiroma.it\/catecumenato\/index.php\/wp-json\/wp\/v2\/posts"}],"about":[{"href":"https:\/\/www.diocesidiroma.it\/catecumenato\/index.php\/wp-json\/wp\/v2\/types\/post"}],"author":[{"embeddable":true,"href":"https:\/\/www.diocesidiroma.it\/catecumenato\/index.php\/wp-json\/wp\/v2\/users\/3"}],"replies":[{"embeddable":true,"href":"https:\/\/www.diocesidiroma.it\/catecumenato\/index.php\/wp-json\/wp\/v2\/comments?post=3852"}],"version-history":[{"count":2,"href":"https:\/\/www.diocesidiroma.it\/catecumenato\/index.php\/wp-json\/wp\/v2\/posts\/3852\/revisions"}],"predecessor-version":[{"id":3854,"href":"https:\/\/www.diocesidiroma.it\/catecumenato\/index.php\/wp-json\/wp\/v2\/posts\/3852\/revisions\/3854"}],"wp:featuredmedia":[{"embeddable":true,"href":"https:\/\/www.diocesidiroma.it\/catecumenato\/index.php\/wp-json\/wp\/v2\/media\/2347"}],"wp:attachment":[{"href":"https:\/\/www.diocesidiroma.it\/catecumenato\/index.php\/wp-json\/wp\/v2\/media?parent=3852"}],"wp:term":[{"taxonomy":"category","embeddable":true,"href":"https:\/\/www.diocesidiroma.it\/catecumenato\/index.php\/wp-json\/wp\/v2\/categories?post=3852"},{"taxonomy":"post_tag","embeddable":true,"href":"https:\/\/www.diocesidiroma.it\/catecumenato\/index.php\/wp-json\/wp\/v2\/tags?post=3852"}],"curies":[{"name":"wp","href":"https:\/\/api.w.org\/{rel}","templated":true}]}}