{"id":3868,"date":"2024-01-08T12:28:50","date_gmt":"2024-01-08T11:28:50","guid":{"rendered":"https:\/\/www.diocesidiroma.it\/catecumenato\/?p=3868"},"modified":"2024-01-24T08:35:46","modified_gmt":"2024-01-24T07:35:46","slug":"la-proposta-formativa-su-i-tempi-del-catecumenato-il-secondo-incontro","status":"publish","type":"post","link":"https:\/\/www.diocesidiroma.it\/catecumenato\/index.php\/la-proposta-formativa-su-i-tempi-del-catecumenato-il-secondo-incontro\/","title":{"rendered":"La proposta formativa su &#8220;I tempi del catecumenato&#8221;: il secondo incontro"},"content":{"rendered":"<div id=\"pg-w577e0ca66d7f6-0\" class=\"panel-grid panel-no-style\">\n<div id=\"pgc-w577e0ca66d7f6-0-0\" class=\"panel-grid-cell\">\n<div id=\"panel-w577e0ca66d7f6-0-0-0\" class=\"so-panel widget widget_text panel-first-child panel-last-child\" data-index=\"0\">\n<div class=\"textwidget\">\n<div>Carissimi,<\/div>\n<div class=\"seed_content_tbt_single_article_excerpt\">il Servizio Nazionale per il Catecumenato dell&#8217;Ufficio Catechistico Nazionale della C.E.I. ha iniziato un percorso formativo di 3 incontri per riscoprire i tempi e le forme dell\u2019itinerario pastorale, a partire dal 50\u00b0 anniversario della pubblicazione del RICA.\u00a0Il primo incontro, che ha visto riflettere sul tempo del pre-catecumenato, si \u00e8 svolto lo scorso 16 novembre 2023.<\/div>\n<div><strong>Gioved\u00ec 18 gennaio p.v., dalle ore 21.00 alle ore 22.30, si svolger\u00e0 il secondo incontro in modalit\u00e0 online (su piattaforma Zoom)<\/strong>\u00a0ed avr\u00e0 come tema il tempo del catecumenato.<\/div>\n<div>L&#8217;ultimo incontro \u00e8 previsto per gioved\u00ec 18 aprile 2024 e tratter\u00e0 circa il tempo dei sacramenti e della mistagogia.<\/div>\n<div>Di seguito il calendario completo del ciclo degli incontri:<\/div>\n<ul>\n<li><strong>16 novembre 2023<\/strong> &#8211; &#8220;<em>Sulla soglia<\/em>&#8220;: il tempo del pre-catecumenato<\/li>\n<li><strong>18 gennaio 2024<\/strong> &#8211; &#8220;<em>In cammino<\/em>&#8220;: il tempo del catecumenato<\/li>\n<li><strong>18 aprile 2024<\/strong> &#8211; &#8220;<em>Da oggi in poi<\/em>&#8220;: il tempo dei sacramenti e della mistagogia<\/li>\n<\/ul>\n<\/div>\n<\/div>\n<\/div>\n<\/div>\n<div id=\"pg-w577e0ca66d7f6-1\" class=\"panel-grid panel-has-style\">\n<div class=\"row seed_content_tbt_single_article_wrapper panel-row-style panel-row-style-for-w577e0ca66d7f6-1\">\n<div id=\"pgc-w577e0ca66d7f6-1-1\" class=\"panel-grid-cell\">\n<div class=\"col-lg-12 cci-content-tbt-page-wrapper-content panel-cell-style panel-cell-style-for-w577e0ca66d7f6-1-1\">\n<div id=\"panel-w577e0ca66d7f6-1-1-0\" class=\"so-panel widget widget_text panel-first-child panel-last-child\" data-index=\"2\">\n<div class=\"textwidget\">\n<p>Sono invitati in modo particolare i responsabili regionali e diocesani del catecumenato con le loro equipe, i parroci e gli accompagnatori dei catecumeni.<\/p>\n<p>A questo <a href=\"https:\/\/catechistico.chiesacattolica.it\/i-tempi-del-catecumenato\/\">link<\/a> il relativo articolo dell&#8217;Ufficio Catechistico Nazionale della C.E.I. dove poter effettuare la registrazione al fine di partecipare in modalit\u00e0 online.<\/p>\n<p>A presto!<\/p>\n<\/div>\n<\/div>\n<\/div>\n<\/div>\n<\/div>\n<\/div>\n","protected":false},"excerpt":{"rendered":"Carissimi, il Servizio Nazionale per il Catecumenato dell&#8217;Ufficio Catechistico Nazionale della C.E.I. ha iniziato un percorso formativo di 3 incontri per riscoprire i tempi e le forme dell\u2019itinerario pastorale, a partire dal 50\u00b0 anniversario della pubblicazione del RICA.\u00a0Il primo incontro, che ha visto riflettere sul tempo del pre-catecumenato, si \u00e8 svolto lo scorso 16 novembre [&hellip;]","protected":false},"author":3,"featured_media":3223,"comment_status":"closed","ping_status":"open","sticky":false,"template":"","format":"standard","meta":{"footnotes":""},"categories":[18,4],"tags":[],"class_list":["post-3868","post","type-post","status-publish","format-standard","has-post-thumbnail","hentry","category-formazione","category-notizie"],"_links":{"self":[{"href":"https:\/\/www.diocesidiroma.it\/catecumenato\/index.php\/wp-json\/wp\/v2\/posts\/3868","targetHints":{"allow":["GET"]}}],"collection":[{"href":"https:\/\/www.diocesidiroma.it\/catecumenato\/index.php\/wp-json\/wp\/v2\/posts"}],"about":[{"href":"https:\/\/www.diocesidiroma.it\/catecumenato\/index.php\/wp-json\/wp\/v2\/types\/post"}],"author":[{"embeddable":true,"href":"https:\/\/www.diocesidiroma.it\/catecumenato\/index.php\/wp-json\/wp\/v2\/users\/3"}],"replies":[{"embeddable":true,"href":"https:\/\/www.diocesidiroma.it\/catecumenato\/index.php\/wp-json\/wp\/v2\/comments?post=3868"}],"version-history":[{"count":2,"href":"https:\/\/www.diocesidiroma.it\/catecumenato\/index.php\/wp-json\/wp\/v2\/posts\/3868\/revisions"}],"predecessor-version":[{"id":3870,"href":"https:\/\/www.diocesidiroma.it\/catecumenato\/index.php\/wp-json\/wp\/v2\/posts\/3868\/revisions\/3870"}],"wp:featuredmedia":[{"embeddable":true,"href":"https:\/\/www.diocesidiroma.it\/catecumenato\/index.php\/wp-json\/wp\/v2\/media\/3223"}],"wp:attachment":[{"href":"https:\/\/www.diocesidiroma.it\/catecumenato\/index.php\/wp-json\/wp\/v2\/media?parent=3868"}],"wp:term":[{"taxonomy":"category","embeddable":true,"href":"https:\/\/www.diocesidiroma.it\/catecumenato\/index.php\/wp-json\/wp\/v2\/categories?post=3868"},{"taxonomy":"post_tag","embeddable":true,"href":"https:\/\/www.diocesidiroma.it\/catecumenato\/index.php\/wp-json\/wp\/v2\/tags?post=3868"}],"curies":[{"name":"wp","href":"https:\/\/api.w.org\/{rel}","templated":true}]}}