{"id":3889,"date":"2024-01-26T10:35:28","date_gmt":"2024-01-26T09:35:28","guid":{"rendered":"https:\/\/www.diocesidiroma.it\/catecumenato\/?p=3889"},"modified":"2024-02-05T09:53:00","modified_gmt":"2024-02-05T08:53:00","slug":"domenica-4-febbraio-2024-il-pellegrinaggio-dei-catecumeni-alla-tomba-di-pietro","status":"publish","type":"post","link":"https:\/\/www.diocesidiroma.it\/catecumenato\/index.php\/domenica-4-febbraio-2024-il-pellegrinaggio-dei-catecumeni-alla-tomba-di-pietro\/","title":{"rendered":"Domenica 4 febbraio 2024 il pellegrinaggio dei catecumeni alla Tomba di Pietro"},"content":{"rendered":"<p>Carissimi catecumeni e catechisti ben trovati!<\/p>\n<p>Come gi\u00e0 annunciato, vi invitiamo al prossimo appuntamento diocesano, che per alcuni di voi sar\u00e0 il primo. Sar\u00e0 un incontro speciale: un pellegrinaggio a San Pietro. Vogliamo vivere l\u2019esperienza di metterci insieme sulle orme dell\u2019Apostolo Pietro, recandoci alla sua tomba, luogo della sua confessione di fede pi\u00f9 totale. In quel luogo Pietro ha dato la sua vita, l\u00e0 ha compiuto la sua vocazione, ben 30 anni dopo aver conosciuto Ges\u00f9. Ci mettiamo in ascolto della sua vita per sperimentare che anche la nostra vita di fede \u00e8 scandita dagli stessi momenti del capo degli apostoli.<\/p>\n<p>Per coloro che riceveranno i sacramenti nella prossima Pasqua (30 marzo 2024) sar\u00e0 un momento di sintesi e ripartenza, in preparazione al Rito dell\u2019Elezione di sabato 17 febbraio p.v.<\/p>\n<p><strong>L\u2019appuntamento \u00e8 per tutti domenica 4 febbraio p.v., alle ore 14.30, in Piazza San Pietro<\/strong> (nei pressi della fontana situata, guardando la Basilica, a sinistra); poi entreremo insieme in Basilica.<\/p>\n<p>A chi (catecumeno o catechista) fosse proprio impossibilitato a partecipare, chiediamo di comunicarcelo scrivendo un\u2019email a <a href=\"mailto:catecumenato@diocesidiroma.it\">catecumenato@diocesidiroma.it<\/a> entro gioved\u00ec 1\u00b0 febbraio p.v.<\/p>\n<p>In attesa di vederci di persona, vi inviamo un caro saluto.<\/p>\n<p style=\"text-align: right;\">sr Rosaria Carpentieri e don Andrea Cavallini<\/p>\n","protected":false},"excerpt":{"rendered":"Carissimi catecumeni e catechisti ben trovati! Come gi\u00e0 annunciato, vi invitiamo al prossimo appuntamento diocesano, che per alcuni di voi sar\u00e0 il primo. Sar\u00e0 un incontro speciale: un pellegrinaggio a San Pietro. Vogliamo vivere l\u2019esperienza di metterci insieme sulle orme dell\u2019Apostolo Pietro, recandoci alla sua tomba, luogo della sua confessione di fede pi\u00f9 totale. In [&hellip;]","protected":false},"author":3,"featured_media":3897,"comment_status":"closed","ping_status":"open","sticky":false,"template":"","format":"standard","meta":{"footnotes":""},"categories":[19,1,4],"tags":[],"class_list":["post-3889","post","type-post","status-publish","format-standard","has-post-thumbnail","hentry","category-battesimo-adulti","category-eventi","category-notizie"],"_links":{"self":[{"href":"https:\/\/www.diocesidiroma.it\/catecumenato\/index.php\/wp-json\/wp\/v2\/posts\/3889","targetHints":{"allow":["GET"]}}],"collection":[{"href":"https:\/\/www.diocesidiroma.it\/catecumenato\/index.php\/wp-json\/wp\/v2\/posts"}],"about":[{"href":"https:\/\/www.diocesidiroma.it\/catecumenato\/index.php\/wp-json\/wp\/v2\/types\/post"}],"author":[{"embeddable":true,"href":"https:\/\/www.diocesidiroma.it\/catecumenato\/index.php\/wp-json\/wp\/v2\/users\/3"}],"replies":[{"embeddable":true,"href":"https:\/\/www.diocesidiroma.it\/catecumenato\/index.php\/wp-json\/wp\/v2\/comments?post=3889"}],"version-history":[{"count":1,"href":"https:\/\/www.diocesidiroma.it\/catecumenato\/index.php\/wp-json\/wp\/v2\/posts\/3889\/revisions"}],"predecessor-version":[{"id":3890,"href":"https:\/\/www.diocesidiroma.it\/catecumenato\/index.php\/wp-json\/wp\/v2\/posts\/3889\/revisions\/3890"}],"wp:featuredmedia":[{"embeddable":true,"href":"https:\/\/www.diocesidiroma.it\/catecumenato\/index.php\/wp-json\/wp\/v2\/media\/3897"}],"wp:attachment":[{"href":"https:\/\/www.diocesidiroma.it\/catecumenato\/index.php\/wp-json\/wp\/v2\/media?parent=3889"}],"wp:term":[{"taxonomy":"category","embeddable":true,"href":"https:\/\/www.diocesidiroma.it\/catecumenato\/index.php\/wp-json\/wp\/v2\/categories?post=3889"},{"taxonomy":"post_tag","embeddable":true,"href":"https:\/\/www.diocesidiroma.it\/catecumenato\/index.php\/wp-json\/wp\/v2\/tags?post=3889"}],"curies":[{"name":"wp","href":"https:\/\/api.w.org\/{rel}","templated":true}]}}