{"id":3900,"date":"2024-02-09T13:48:03","date_gmt":"2024-02-09T12:48:03","guid":{"rendered":"https:\/\/www.diocesidiroma.it\/catecumenato\/?p=3900"},"modified":"2024-02-27T14:10:50","modified_gmt":"2024-02-27T13:10:50","slug":"rito-dellelezione-e-iscrizione-del-nome-2","status":"publish","type":"post","link":"https:\/\/www.diocesidiroma.it\/catecumenato\/index.php\/rito-dellelezione-e-iscrizione-del-nome-2\/","title":{"rendered":"RITO DELL&#8217;ELEZIONE e ISCRIZIONE DEL NOME"},"content":{"rendered":"<p>Carissimi catecumeni, catechisti e parroci, bentrovati!<\/p>\n<p>Nella prossima settimana, con la celebrazione del Rito delle Ceneri, inizier\u00e0 la Quaresima, un tempo liturgico particolarmente importante, che introduce i catecumeni nella \u201c<em>preparazione prossima<\/em>\u201d e che si concluder\u00e0 con il conferimento dei sacramenti dell\u2019Iniziazione Cristiana nella Veglia di Pasqua.<\/p>\n<p>Ci ritroveremo sabato <strong>17 febbraio 2024<\/strong>, nella Basilica di San Giovanni in Laterano, per il <strong>Rito dell\u2019Elezione ed Iscrizione del Nome<\/strong>. La celebrazione eucaristica, con inizio alle ore 17.30, sar\u00e0 presieduta dal Cardinale Vicario Angelo De Donatis.<\/p>\n<p>Gli appuntamenti, per tale circostanza, sono diversi per i catecumeni e per gli altri:<\/p>\n<ul>\n<li>con<strong> i catecumeni e i padrini\/madrine, ci incontriamo alle ore 15.00 all\u2019interno della Basilica, davanti all\u2019Altare<\/strong>, per vivere insieme un tempo di ritiro e preghiera in preparazione alla celebrazione e, al termine, i padrini\/madrine firmeranno il registro dei catecumeni;<\/li>\n<li>i catechisti, familiari, parenti e amici dei catecumeni possono arrivare alle ore 16.15 e prendere posto in Basilica per la celebrazione eucaristica.<\/li>\n<\/ul>\n<p>Invitiamo i parroci, vicari e collaboratori, le comunit\u00e0 parrocchiali, i parenti e gli amici dei catecumeni a partecipare alla celebrazione, perch\u00e9 \u00e8 un momento di grande importanza e gioia che deve essere condiviso con l\u2019intera comunit\u00e0.<\/p>\n<p>I sacerdoti che desiderano concelebrare sono pregati di ritrovarsi in Basilica entro le ore 17.00, portando con s\u00e9 camice e stola di colore viola che indosseranno al proprio posto.<\/p>\n<p>Come sempre potrete usufruire del parcheggio interno dell\u2019Universit\u00e0 Lateranense.<\/p>\n<p>Vi aspettiamo!<\/p>\n","protected":false},"excerpt":{"rendered":"Carissimi catecumeni, catechisti e parroci, bentrovati! Nella prossima settimana, con la celebrazione del Rito delle Ceneri, inizier\u00e0 la Quaresima, un tempo liturgico particolarmente importante, che introduce i catecumeni nella \u201cpreparazione prossima\u201d e che si concluder\u00e0 con il conferimento dei sacramenti dell\u2019Iniziazione Cristiana nella Veglia di Pasqua. Ci ritroveremo sabato 17 febbraio 2024, nella Basilica di [&hellip;]","protected":false},"author":3,"featured_media":3599,"comment_status":"closed","ping_status":"open","sticky":false,"template":"","format":"standard","meta":{"footnotes":""},"categories":[19,4],"tags":[],"class_list":["post-3900","post","type-post","status-publish","format-standard","has-post-thumbnail","hentry","category-battesimo-adulti","category-notizie"],"_links":{"self":[{"href":"https:\/\/www.diocesidiroma.it\/catecumenato\/index.php\/wp-json\/wp\/v2\/posts\/3900","targetHints":{"allow":["GET"]}}],"collection":[{"href":"https:\/\/www.diocesidiroma.it\/catecumenato\/index.php\/wp-json\/wp\/v2\/posts"}],"about":[{"href":"https:\/\/www.diocesidiroma.it\/catecumenato\/index.php\/wp-json\/wp\/v2\/types\/post"}],"author":[{"embeddable":true,"href":"https:\/\/www.diocesidiroma.it\/catecumenato\/index.php\/wp-json\/wp\/v2\/users\/3"}],"replies":[{"embeddable":true,"href":"https:\/\/www.diocesidiroma.it\/catecumenato\/index.php\/wp-json\/wp\/v2\/comments?post=3900"}],"version-history":[{"count":1,"href":"https:\/\/www.diocesidiroma.it\/catecumenato\/index.php\/wp-json\/wp\/v2\/posts\/3900\/revisions"}],"predecessor-version":[{"id":3901,"href":"https:\/\/www.diocesidiroma.it\/catecumenato\/index.php\/wp-json\/wp\/v2\/posts\/3900\/revisions\/3901"}],"wp:featuredmedia":[{"embeddable":true,"href":"https:\/\/www.diocesidiroma.it\/catecumenato\/index.php\/wp-json\/wp\/v2\/media\/3599"}],"wp:attachment":[{"href":"https:\/\/www.diocesidiroma.it\/catecumenato\/index.php\/wp-json\/wp\/v2\/media?parent=3900"}],"wp:term":[{"taxonomy":"category","embeddable":true,"href":"https:\/\/www.diocesidiroma.it\/catecumenato\/index.php\/wp-json\/wp\/v2\/categories?post=3900"},{"taxonomy":"post_tag","embeddable":true,"href":"https:\/\/www.diocesidiroma.it\/catecumenato\/index.php\/wp-json\/wp\/v2\/tags?post=3900"}],"curies":[{"name":"wp","href":"https:\/\/api.w.org\/{rel}","templated":true}]}}