{"id":3944,"date":"2024-04-03T08:05:10","date_gmt":"2024-04-03T06:05:10","guid":{"rendered":"https:\/\/www.diocesidiroma.it\/catecumenato\/?p=3944"},"modified":"2024-04-08T10:25:16","modified_gmt":"2024-04-08T08:25:16","slug":"domenica-7-aprile-2024-la-deposizione-della-veste-bianca","status":"publish","type":"post","link":"https:\/\/www.diocesidiroma.it\/catecumenato\/index.php\/domenica-7-aprile-2024-la-deposizione-della-veste-bianca\/","title":{"rendered":"Domenica 7 aprile 2024: la celebrazione eucaristica per i neofiti con il rito della Deposizione della veste bianca"},"content":{"rendered":"<p style=\"text-align: right;\">Roma, 3 aprile 2024<\/p>\n<p>Carissimi neofiti,<\/p>\n<p>\u00e8 una gioia grande farvi i nostri pi\u00f9 cari auguri per i sacramenti dell&#8217;Iniziazione Cristiana appena ricevuti nella Veglia di Pasqua!<\/p>\n<p>Per continuare il nostro cammino, vi ricordiamo il prossimo appuntamento diocesano<\/p>\n<p style=\"text-align: center;\"><strong>domenica 7 aprile p.v., alle ore 15.45<\/strong>,<\/p>\n<p style=\"text-align: center;\">presso la <strong>Basilica di San Bartolomeo all\u2019Isola<\/strong><\/p>\n<p style=\"text-align: center;\">(Piazza di S. Bartolomeo all\u2019Isola n. 22, sull\u2019Isola Tiberina, nel Rione Ripa),<\/p>\n<p>con voi e i vostri padrini\/madrine: ci prepareremo, attraverso un momento di preghiera e meditazione, a vivere la celebrazione eucaristica con il rito della Deposizione della veste bianca nella Basilica ove si trovano gli altari dedicati ai testimoni-martiri della fede del XX e XXI secolo.<\/p>\n<p><strong>La celebrazione eucaristica<\/strong>, che sar\u00e0 presieduta da S.E.R. Mons. Riccardo Lamba, Arcivescovo eletto di Udine, gi\u00e0 Vescovo Ausiliare per il Settore Est della Diocesi di Roma, <strong>inizier\u00e0 alle ore 17.00<\/strong>: sono invitati i vostri parroci, i catechisti, familiari, amici e quanti dalla comunit\u00e0 parrocchiale vogliono accompagnarvi.<\/p>\n<p>Coloro che vogliono partecipare si troveranno in Basilica entro le ore 16.45; i sacerdoti che desiderano concelebrare sono pregati di portare il camice e la stola bianca, trovandosi anche loro in Basilica entro le ore 16.45.<\/p>\n<p>Un caro saluto e ancora gli auguri di una Santa Pasqua!<\/p>\n","protected":false},"excerpt":{"rendered":"Roma, 3 aprile 2024 Carissimi neofiti, \u00e8 una gioia grande farvi i nostri pi\u00f9 cari auguri per i sacramenti dell&#8217;Iniziazione Cristiana appena ricevuti nella Veglia di Pasqua! Per continuare il nostro cammino, vi ricordiamo il prossimo appuntamento diocesano domenica 7 aprile p.v., alle ore 15.45, presso la Basilica di San Bartolomeo all\u2019Isola (Piazza di S. [&hellip;]","protected":false},"author":3,"featured_media":3633,"comment_status":"closed","ping_status":"open","sticky":false,"template":"","format":"standard","meta":{"footnotes":""},"categories":[19,4],"tags":[],"class_list":["post-3944","post","type-post","status-publish","format-standard","has-post-thumbnail","hentry","category-battesimo-adulti","category-notizie"],"_links":{"self":[{"href":"https:\/\/www.diocesidiroma.it\/catecumenato\/index.php\/wp-json\/wp\/v2\/posts\/3944","targetHints":{"allow":["GET"]}}],"collection":[{"href":"https:\/\/www.diocesidiroma.it\/catecumenato\/index.php\/wp-json\/wp\/v2\/posts"}],"about":[{"href":"https:\/\/www.diocesidiroma.it\/catecumenato\/index.php\/wp-json\/wp\/v2\/types\/post"}],"author":[{"embeddable":true,"href":"https:\/\/www.diocesidiroma.it\/catecumenato\/index.php\/wp-json\/wp\/v2\/users\/3"}],"replies":[{"embeddable":true,"href":"https:\/\/www.diocesidiroma.it\/catecumenato\/index.php\/wp-json\/wp\/v2\/comments?post=3944"}],"version-history":[{"count":10,"href":"https:\/\/www.diocesidiroma.it\/catecumenato\/index.php\/wp-json\/wp\/v2\/posts\/3944\/revisions"}],"predecessor-version":[{"id":3946,"href":"https:\/\/www.diocesidiroma.it\/catecumenato\/index.php\/wp-json\/wp\/v2\/posts\/3944\/revisions\/3946"}],"wp:featuredmedia":[{"embeddable":true,"href":"https:\/\/www.diocesidiroma.it\/catecumenato\/index.php\/wp-json\/wp\/v2\/media\/3633"}],"wp:attachment":[{"href":"https:\/\/www.diocesidiroma.it\/catecumenato\/index.php\/wp-json\/wp\/v2\/media?parent=3944"}],"wp:term":[{"taxonomy":"category","embeddable":true,"href":"https:\/\/www.diocesidiroma.it\/catecumenato\/index.php\/wp-json\/wp\/v2\/categories?post=3944"},{"taxonomy":"post_tag","embeddable":true,"href":"https:\/\/www.diocesidiroma.it\/catecumenato\/index.php\/wp-json\/wp\/v2\/tags?post=3944"}],"curies":[{"name":"wp","href":"https:\/\/api.w.org\/{rel}","templated":true}]}}