{"id":4145,"date":"2024-12-24T18:00:47","date_gmt":"2024-12-24T17:00:47","guid":{"rendered":"https:\/\/www.diocesidiroma.it\/catecumenato\/?p=4145"},"modified":"2024-12-18T17:09:57","modified_gmt":"2024-12-18T16:09:57","slug":"auguri-di-un-santo-natale-5","status":"publish","type":"post","link":"https:\/\/www.diocesidiroma.it\/catecumenato\/index.php\/auguri-di-un-santo-natale-5\/","title":{"rendered":"AUGURI DI UN SANTO NATALE"},"content":{"rendered":"<p style=\"text-align: left;\"><span style=\"color: #000000;\"><strong>Dai \u00abDiscorsi\u00bb di san Leone Magno, papa<\/strong><\/span><br \/>\n<span style=\"color: #ff0000;\">(Disc. 1 per il Natale, 1-3; PL 54, 190-193)<\/span><\/p>\n<p style=\"text-align: center;\"><em><span style=\"color: #ff0000;\">Riconosci, cristiano, la tua dignit\u00e0<\/span><\/em><\/p>\n<p>\u00a0 \u00a0 \u00a0Il nostro Salvatore, carissimi, oggi \u00e8 nato: rallegriamoci! Non c\u2019\u00e8 spazio per la tristezza nel giorno in cui nasce la vita, una vita che distrugge la paura della morte e dona la gioia delle promesse eterne. Nessuno \u00e8 escluso da questa felicit\u00e0: la causa della gioia \u00e8 comune a tutti perch\u00e9 il nostro Signore, vincitore del peccato e della morte, non avendo trovato nessuno libero dalla colpa, \u00e8 venuto per la liberazione di tutti. Esulti il santo, perch\u00e9 si avvicina al premio; gioisca il peccatore, perch\u00e9 gli \u00e8 offerto il perdono; riprenda coraggio il pagano, perch\u00e9 \u00e8 chiamato alla vita.<br \/>\nIl Figlio di Dio infatti, giunta la pienezza dei tempi che l\u2019impenetrabile disegno divino aveva disposto, volendo riconciliare con il suo Creatore la natura umana, l\u2019assunse lui stesso in modo che il diavolo, apportatore della morte, fosse vinto da quella stessa natura che prima lui aveva reso schiava. Cos\u00ec alla nascita del Signore gli angeli cantano esultanti: \u00abGloria a Dio nel pi\u00f9 alto dei cieli e pace in terra agli uomini che egli ama\u00bb (Lc 2, 14). Essi vedono che la celeste Gerusalemme \u00e8 formata da tutti i popoli del mondo. Di questa opera ineffabile dell\u2019amore divino, di cui tanto gioiscono gli angeli nella loro altezza, quanto non deve rallegrarsi l\u2019umanit\u00e0 nella sua miseria! O carissimi, rendiamo grazie a Dio Padre per mezzo del suo Figlio nello Spirito Santo, perch\u00e9 nella infinita misericordia, con cui ci ha amati, ha avuto piet\u00e0 di noi e, mentre eravamo morti per i nostri peccati, ci ha fatti rivivere con Cristo (cfr. Ef 2, 5) perch\u00e9 fossimo in lui creatura nuova, nuova opera delle sue mani.<br \/>\nDeponiamo dunque \u00abl\u2019uomo vecchio con la condotta di prima\u00bb (Ef 4, 22) e, poich\u00e9 siamo partecipi della generazione di Cristo, rinunziamo alle opere della carne. Riconosci, cristiano, la tua dignit\u00e0 e, reso partecipe della natura divina, non voler tornare all\u2019abiezione di un tempo con una condotta indegna. Ricordati chi \u00e8 il tuo Capo e di quale Corpo sei membro. Ricordati che, strappato al potere delle tenebre, sei stato trasferito nella luce del regno di Dio. Con il sacramento del battesimo sei diventato tempio dello Spirito Santo! Non mettere in fuga un ospite cos\u00ec illustre con un comportamento riprovevole e non sottometterti di nuovo alla schiavit\u00f9 del demonio. Ricorda che il prezzo pagato per il tuo riscatto \u00e8 il sangue di Cristo.<\/p>\n","protected":false},"excerpt":{"rendered":"Dai \u00abDiscorsi\u00bb di san Leone Magno, papa (Disc. 1 per il Natale, 1-3; PL 54, 190-193) Riconosci, cristiano, la tua dignit\u00e0 \u00a0 \u00a0 \u00a0Il nostro Salvatore, carissimi, oggi \u00e8 nato: rallegriamoci! Non c\u2019\u00e8 spazio per la tristezza nel giorno in cui nasce la vita, una vita che distrugge la paura della morte e dona la [&hellip;]","protected":false},"author":3,"featured_media":4146,"comment_status":"closed","ping_status":"open","sticky":false,"template":"","format":"standard","meta":{"footnotes":""},"categories":[4],"tags":[],"class_list":["post-4145","post","type-post","status-publish","format-standard","has-post-thumbnail","hentry","category-notizie"],"_links":{"self":[{"href":"https:\/\/www.diocesidiroma.it\/catecumenato\/index.php\/wp-json\/wp\/v2\/posts\/4145","targetHints":{"allow":["GET"]}}],"collection":[{"href":"https:\/\/www.diocesidiroma.it\/catecumenato\/index.php\/wp-json\/wp\/v2\/posts"}],"about":[{"href":"https:\/\/www.diocesidiroma.it\/catecumenato\/index.php\/wp-json\/wp\/v2\/types\/post"}],"author":[{"embeddable":true,"href":"https:\/\/www.diocesidiroma.it\/catecumenato\/index.php\/wp-json\/wp\/v2\/users\/3"}],"replies":[{"embeddable":true,"href":"https:\/\/www.diocesidiroma.it\/catecumenato\/index.php\/wp-json\/wp\/v2\/comments?post=4145"}],"version-history":[{"count":1,"href":"https:\/\/www.diocesidiroma.it\/catecumenato\/index.php\/wp-json\/wp\/v2\/posts\/4145\/revisions"}],"predecessor-version":[{"id":4147,"href":"https:\/\/www.diocesidiroma.it\/catecumenato\/index.php\/wp-json\/wp\/v2\/posts\/4145\/revisions\/4147"}],"wp:featuredmedia":[{"embeddable":true,"href":"https:\/\/www.diocesidiroma.it\/catecumenato\/index.php\/wp-json\/wp\/v2\/media\/4146"}],"wp:attachment":[{"href":"https:\/\/www.diocesidiroma.it\/catecumenato\/index.php\/wp-json\/wp\/v2\/media?parent=4145"}],"wp:term":[{"taxonomy":"category","embeddable":true,"href":"https:\/\/www.diocesidiroma.it\/catecumenato\/index.php\/wp-json\/wp\/v2\/categories?post=4145"},{"taxonomy":"post_tag","embeddable":true,"href":"https:\/\/www.diocesidiroma.it\/catecumenato\/index.php\/wp-json\/wp\/v2\/tags?post=4145"}],"curies":[{"name":"wp","href":"https:\/\/api.w.org\/{rel}","templated":true}]}}